{"id":1666,"date":"2013-08-07T15:00:09","date_gmt":"2013-08-07T14:00:09","guid":{"rendered":"http:\/\/svhuesten09.de\/web\/?p=1666"},"modified":"2014-03-04T09:14:46","modified_gmt":"2014-03-04T08:14:46","slug":"marco-grebe-startet-mit-zwoelf-spielern-in-die-vorbereitung","status":"publish","type":"post","link":"https:\/\/svhuesten09.de\/web\/2013\/08\/07\/marco-grebe-startet-mit-zwoelf-spielern-in-die-vorbereitung\/","title":{"rendered":"Marco Grebe startet mit zw\u00f6lf Spielern in die Vorbereitung"},"content":{"rendered":"<p>Die U19-Junioren des SV H\u00fcsten 09 sind am Montagabend in die Vorbereitung auf die Saison 2013|14 gestartet. Nach dem Abstieg aus der U19-Bezirksliga liegt das Hauptaugenmerk der Trainer Marco Grebe und Christof Schr\u00f6der auf dem Neuaufbau einer leistungsf\u00e4higen Mannschaft. Dazu hat das Trainergespann 19 Spieler zur Verf\u00fcgung, von denen zw\u00f6lf Akteure am Montagabend am Trainingsauftakt teilnahmen.<\/p>\n<p>&#8222;Der Trainingsauftakt war in Ordnung&#8220;, sagte U19-Trainer Marco Grebe, der im SuS Langscheid\/Enkhausen den Favoriten auf die Meisterschaft in der U19-Leistungsliga sieht. Bei seinem Team sei es viel wichtiger, &#8222;nach dem Abstieg aus der U19-Bezirksliga einen Neuaufbau zu starten&#8220;, so der Coach. Um gut vorbereitet in die Spielzeit 2013|14 zu gehen, werden die Trainer Marco Grebe und Christopf Schr\u00f6der das Team in sechs Wochen auf die Aufgaben in der U19-Leistungsliga vorbereiten.<\/p>\n<p>Neben zahlreichen Trainingseinheiten stehen sechs Testspiele auf dem Vorbereitungsprogramm des \u00e4ltesten 09-Nachwuchses. Gegner sind dabei unter anderem die U19-Bezirksligisten Borussia Dr\u00f6schede und TuS Plettenberg. Au\u00dferdem nehmen die Gr\u00fcn-Wei\u00dfen w\u00e4hrend der Vorbereitung an der U19-Stadtmeisterschaft im Neheimer Binnerfeld teil, die am Freitag, den 30. August, stattfindet.<\/p>\n<p><strong>Alle Termine im \u00dcberblick:<\/strong><br \/>\n05.08.2013 (19:00 Uhr) Trainingsauftakt<br \/>\n11.08.2013 (11:00 Uhr) SV H\u00fcsten 09 U19 &#8211; TSV Bigge\/Olsberg U19<br \/>\n18.08.2013 (11:00 Uhr) Borussia Dr\u00f6schede U19 &#8211; SV H\u00fcsten 09 U19<br \/>\n21.08.2013 (19:30 Uhr) SuS Langscheid\/Enkhausen U19 &#8211; SV H\u00fcsten 09 U19<br \/>\n23.08.2013 (19:00 Uhr) TuS Plettenberg U19 &#8211; SV H\u00fcsten 09 U19<br \/>\n27.08.2013 (19:00 Uhr) VfB Westhofen U19 &#8211; SV H\u00fcsten 09 U19<br \/>\n30.08.2013 (17:30 Uhr) U19-Stadtmeisterschaft in Neheim<br \/>\n04.09.2013 (19:30 Uhr) SV H\u00fcsten 09 U19 &#8211; FC Arpe\/Wormbach U19<br \/>\n08.09.2013 (11:00 Uhr) U19-Kreispokal, 1. Runde<br \/>\n15.09.2013 (11:00 Uhr) U19-Leistungsliga, 1. Spieltag<\/p>\n","protected":false},"excerpt":{"rendered":"<p>Die U19-Junioren des SV H\u00fcsten 09 sind am Montagabend in die Vorbereitung auf die Saison 2013|14 gestartet. Nach dem Abstieg aus der U19-Bezirksliga liegt das Hauptaugenmerk der Trainer Marco Grebe und Christof Schr\u00f6der auf dem Neuaufbau einer leistungsf\u00e4higen Mannschaft. Dazu hat das Trainergespann 19 Spieler zur Verf\u00fcgung, von denen zw\u00f6lf Akteure am Montagabend am Trainingsauftakt [&hellip;]<\/p>\n","protected":false},"author":5,"featured_media":1667,"comment_status":"closed","ping_status":"closed","sticky":false,"template":"","format":"standard","meta":[],"categories":[1,37],"tags":[],"_links":{"self":[{"href":"https:\/\/svhuesten09.de\/web\/wp-json\/wp\/v2\/posts\/1666"}],"collection":[{"href":"https:\/\/svhuesten09.de\/web\/wp-json\/wp\/v2\/posts"}],"about":[{"href":"https:\/\/svhuesten09.de\/web\/wp-json\/wp\/v2\/types\/post"}],"author":[{"embeddable":true,"href":"https:\/\/svhuesten09.de\/web\/wp-json\/wp\/v2\/users\/5"}],"replies":[{"embeddable":true,"href":"https:\/\/svhuesten09.de\/web\/wp-json\/wp\/v2\/comments?post=1666"}],"version-history":[{"count":2,"href":"https:\/\/svhuesten09.de\/web\/wp-json\/wp\/v2\/posts\/1666\/revisions"}],"predecessor-version":[{"id":1751,"href":"https:\/\/svhuesten09.de\/web\/wp-json\/wp\/v2\/posts\/1666\/revisions\/1751"}],"wp:featuredmedia":[{"embeddable":true,"href":"https:\/\/svhuesten09.de\/web\/wp-json\/wp\/v2\/media\/1667"}],"wp:attachment":[{"href":"https:\/\/svhuesten09.de\/web\/wp-json\/wp\/v2\/media?parent=1666"}],"wp:term":[{"taxonomy":"category","embeddable":true,"href":"https:\/\/svhuesten09.de\/web\/wp-json\/wp\/v2\/categories?post=1666"},{"taxonomy":"post_tag","embeddable":true,"href":"https:\/\/svhuesten09.de\/web\/wp-json\/wp\/v2\/tags?post=1666"}],"curies":[{"name":"wp","href":"https:\/\/api.w.org\/{rel}","templated":true}]}}