{"id":2010,"date":"2013-09-13T11:55:35","date_gmt":"2013-09-13T10:55:35","guid":{"rendered":"http:\/\/svhuesten09.de\/web\/?p=2010"},"modified":"2014-03-06T13:37:16","modified_gmt":"2014-03-06T12:37:16","slug":"junioren-starten-in-die-saison-201314","status":"publish","type":"post","link":"https:\/\/svhuesten09.de\/web\/2013\/09\/13\/junioren-starten-in-die-saison-201314\/","title":{"rendered":"Junioren starten in die Saison 2013|14"},"content":{"rendered":"<p>Endlich geht es auch im Juniorenbereich im Kreis Arnsberg wieder los! \u00dcber 200 Nachwuchskinder sehnten sich dem Saisonstart in den Nachwuchsligen entgegen, an diesem Wochenende ist die lange Zeit des Wartens vorbei. Das mit 15 Spielen gespickte 09-Wochenende er\u00f6ffnet am Freitagabend aber die zweite Seniorenmannschaft, die um 19:30 Uhr auf den TuS\u00a0Bruchhausen trifft. Erst am Samstag, den 14. September, steigen dann mit der U15, U11, U10 und E3 vier Juniorenteams des SV\u00a0H\u00fcsten 09 in den Ligabetrieb ein. Besonders brisant d\u00fcrfte das Duell der U15-Junioren gegen den SV\u00a0Arnsberg 09 an, denn der neue H\u00fcstener Trainer Markus Nowak trifft auf seinen Ex-Verein, wo er \u00fcber zwanzig Jahre als Trainer t\u00e4tig war. Am Sonntag sind dann auch die \u00e4ltesten Nachwuchsbereiche der gr\u00fcn-wei\u00dfen Jugend im Einsatz. Au\u00dferdem sind die Frauen- und die erste Seniorenmannschaft im Einsatz.<\/p>\n<table width=\"100%\" border=\"0\" cellspacing=\"1\" cellpadding=\"1\">\n<tbody>\n<tr>\n<td colspan=\"4\" bgcolor=\"#cccccc\">\u00a0\u00a0<strong>Freitag, 15. September 2013:<\/strong><\/td>\n<\/tr>\n<tr>\n<td>19:30 Uhr<\/td>\n<td><strong>SV\u00a0H\u00fcsten 09 II<\/strong><\/td>\n<td>&#8211;<\/td>\n<td>TuS\u00a0Bruchhausen<\/td>\n<\/tr>\n<tr>\n<td><\/td>\n<td><\/td>\n<td><\/td>\n<td><\/td>\n<\/tr>\n<tr>\n<td colspan=\"4\" bgcolor=\"#cccccc\">\u00a0\u00a0<strong>Samstag, 16. September 2013:<\/strong><\/td>\n<\/tr>\n<tr>\n<td>10:00 Uhr<\/td>\n<td><strong>SV\u00a0H\u00fcsten 09 U11<\/strong><\/td>\n<td>&#8211;<\/td>\n<td>SC\u00a0Neheim U11<\/td>\n<\/tr>\n<tr>\n<td>12:00 Uhr<\/td>\n<td><strong>SV\u00a0H\u00fcsten 09 E3<\/strong><\/td>\n<td>&#8211;<\/td>\n<td>JSG\u00a0Niedereimer\/Arnsb.\/Rumb. U11<\/td>\n<\/tr>\n<tr>\n<td>12:30 Uhr<\/td>\n<td><strong>SV\u00a0H\u00fcsten 09 U15<\/strong><\/td>\n<td>&#8211;<\/td>\n<td>SV\u00a0Arnsberg 09 U15<\/td>\n<\/tr>\n<tr>\n<td>13:00 Uhr<\/td>\n<td><strong>SV\u00a0H\u00fcsten 09 U10<\/strong><\/td>\n<td>&#8211;<\/td>\n<td>SC\u00a0Neheim U10<\/td>\n<\/tr>\n<tr>\n<td><\/td>\n<td><\/td>\n<td><\/td>\n<td><\/td>\n<\/tr>\n<tr>\n<td colspan=\"4\" bgcolor=\"#cccccc\">\u00a0\u00a0<strong>Sonntag, 17. September 2013:<\/strong><\/td>\n<\/tr>\n<tr>\n<td>10:30 Uhr<\/td>\n<td><strong>SV\u00a0H\u00fcsten 09 U16<\/strong><\/td>\n<td>&#8211;<\/td>\n<td>JSG\u00a0Oeventrop\/Freienohl U16<\/td>\n<\/tr>\n<tr>\n<td>11:00 Uhr<\/td>\n<td>JSG\u00a0Balve\/Garbeck\/Affeln U17<\/td>\n<td>&#8211;<\/td>\n<td><strong>SV\u00a0H\u00fcsten 09 U17<\/strong><\/td>\n<\/tr>\n<tr>\n<td>11:00 Uhr<\/td>\n<td><strong>SV\u00a0H\u00fcsten 09 U19<\/strong><\/td>\n<td>&#8211;<\/td>\n<td>SSV\u00a0Allendorf U19<\/td>\n<\/tr>\n<tr>\n<td>13:00 Uhr<\/td>\n<td><strong>SV\u00a0H\u00fcsten 09 (Frauen)<\/strong><\/td>\n<td>&#8211;<\/td>\n<td>FC\u00a0Remblinghausen (Frauen)<\/td>\n<\/tr>\n<tr>\n<td>15:00 Uhr<\/td>\n<td>SG\u00a0Finnentrop\/Bamenohl<\/td>\n<td>&#8211;<\/td>\n<td><strong>SV\u00a0H\u00fcsten 09<\/strong><\/td>\n<\/tr>\n<\/tbody>\n<\/table>\n","protected":false},"excerpt":{"rendered":"<p>Endlich geht es auch im Juniorenbereich im Kreis Arnsberg wieder los! \u00dcber 200 Nachwuchskinder sehnten sich dem Saisonstart in den Nachwuchsligen entgegen, an diesem Wochenende ist die lange Zeit des Wartens vorbei. Das mit 15 Spielen gespickte 09-Wochenende er\u00f6ffnet am Freitagabend aber die zweite Seniorenmannschaft, die um 19:30 Uhr auf den TuS\u00a0Bruchhausen trifft. Erst am [&hellip;]<\/p>\n","protected":false},"author":5,"featured_media":2011,"comment_status":"closed","ping_status":"closed","sticky":false,"template":"","format":"standard","meta":[],"categories":[32,33,1,35,54,46,45,41,40,39,37],"tags":[],"_links":{"self":[{"href":"https:\/\/svhuesten09.de\/web\/wp-json\/wp\/v2\/posts\/2010"}],"collection":[{"href":"https:\/\/svhuesten09.de\/web\/wp-json\/wp\/v2\/posts"}],"about":[{"href":"https:\/\/svhuesten09.de\/web\/wp-json\/wp\/v2\/types\/post"}],"author":[{"embeddable":true,"href":"https:\/\/svhuesten09.de\/web\/wp-json\/wp\/v2\/users\/5"}],"replies":[{"embeddable":true,"href":"https:\/\/svhuesten09.de\/web\/wp-json\/wp\/v2\/comments?post=2010"}],"version-history":[{"count":1,"href":"https:\/\/svhuesten09.de\/web\/wp-json\/wp\/v2\/posts\/2010\/revisions"}],"predecessor-version":[{"id":2012,"href":"https:\/\/svhuesten09.de\/web\/wp-json\/wp\/v2\/posts\/2010\/revisions\/2012"}],"wp:featuredmedia":[{"embeddable":true,"href":"https:\/\/svhuesten09.de\/web\/wp-json\/wp\/v2\/media\/2011"}],"wp:attachment":[{"href":"https:\/\/svhuesten09.de\/web\/wp-json\/wp\/v2\/media?parent=2010"}],"wp:term":[{"taxonomy":"category","embeddable":true,"href":"https:\/\/svhuesten09.de\/web\/wp-json\/wp\/v2\/categories?post=2010"},{"taxonomy":"post_tag","embeddable":true,"href":"https:\/\/svhuesten09.de\/web\/wp-json\/wp\/v2\/tags?post=2010"}],"curies":[{"name":"wp","href":"https:\/\/api.w.org\/{rel}","templated":true}]}}