{"id":2224,"date":"2014-03-10T20:21:00","date_gmt":"2014-03-10T19:21:00","guid":{"rendered":"http:\/\/svhuesten09.de\/web\/?p=2224"},"modified":"2014-03-11T16:37:28","modified_gmt":"2014-03-11T15:37:28","slug":"starke-u17-erntet-viel-lob-von-trainer-rainer-arndt","status":"publish","type":"post","link":"https:\/\/svhuesten09.de\/web\/2014\/03\/10\/starke-u17-erntet-viel-lob-von-trainer-rainer-arndt\/","title":{"rendered":"Starke U17 erntet viel Lob von Trainer Rainer Arndt"},"content":{"rendered":"<p>Trotz einiger Personalsorgen haben die U17-Junioren des SV\u00a0H\u00fcsten 09 die schwere Aufgabe gegen den TuS\u00a0Sundern mit Bravour gemeistert. Auf dem Ascheplatz in H\u00fcsten zeigten die Gr\u00fcn-Wei\u00dfen auch ohne die Leistungstr\u00e4ger Laurin Howe, Eldin Agovic und Julian Hamer eine starke Leistung und schickten die G\u00e4ste aus dem R\u00f6hrtalstadion mit einer 5:0 (2:0)-Packung auf die Heimreise. Damit stehen die 09er nun vor einem absoluten Spitzenspiel in der U17-Leistungsliga.<\/p>\n<p>Die H\u00fcstener U17-Trainer Rainer Arndt und Hendrik T\u00f6lle sind normalerweise sehr sparsam, wenn es gilt, die eigene Mannschaft \u00fcber den gr\u00fcnen Klee zu loben. Diesmal jedoch hielten die 09-Trainer ihre Freude \u00fcber einen hochverdienten Sieg nicht zur\u00fcck. &#8222;Das haben die Jungs richtig gut gemacht\u201c, sagten die \u00dcbungsleiter und attestierten ihren Sch\u00fctzlinge eine &#8222;von Beginn an starke Leistung&#8220;.<\/p>\n<p>Zielstrebigkeit, dazu die n\u00f6tige Aggressivit\u00e4t \u2013\u00a0H\u00fcsten zeigte alles, was das Trainerherz begehrt, und lag schon zur Pause durch Tore von Denis Rodrigues Gomes und Luis Gomes Buco mit 2:0 vorne. Roman Kister erh\u00f6hte im zweiten Spielabschnitt auf 3:0 und sorgte f\u00fcr die Vorentscheidung. Giovanni Sorrentino und Torben Tillmann mit einem verwandelten Foulelfmeter schraubten das Ergebnis sogar noch auf 5:0 in die H\u00f6he.<\/p>\n<p>&#8222;Der Sieg ist vielleicht ein Tor zu hoch ausgefallen, aber absolut verdient. Die Jungs haben diesen Kantersieg clever herausgespielt. Unter den Voraussetzungen sind wir beide hocherfreut&#8220;, sagten die 09-Trainer Rainer Arndt und Hendrik T\u00f6lle, die nun mit ihrer Mannschaft am Sonntag, den 16. M\u00e4rz, um 10:30 Uhr im Stadion Gro\u00dfe Wiese zum Spitzenspiel gegen Tabellenf\u00fchrer SC\u00a0Neheim II antreten. W\u00e4hrend die Neheimer 28 Punkte auf dem Konto haben, k\u00f6nnen die Gr\u00fcn-Wei\u00dfen, die derzeit 26 Z\u00e4hler aufweisen, mit einem Sieg die Tabellenf\u00fchrung in der U17-Leistungsliga \u00fcbernehmen.<\/p>\n<p><strong>SV 09 U17:<\/strong> Ecker &#8211; Krischok, Nanthakumar (41. Tillmann), Jan\u00dfen, Licina &#8211; Teuthorn, Rodrigues Gomes &#8211; Kister, R\u00f6sner\u00a0&#8211; A. Agovic (65. Schmidthaus), Gomes Buco (65. Sorrentino)<\/p>\n","protected":false},"excerpt":{"rendered":"<p>Trotz einiger Personalsorgen haben die U17-Junioren des SV\u00a0H\u00fcsten 09 die schwere Aufgabe gegen den TuS\u00a0Sundern mit Bravour gemeistert. Auf dem Ascheplatz in H\u00fcsten zeigten die Gr\u00fcn-Wei\u00dfen auch ohne die Leistungstr\u00e4ger Laurin Howe, Eldin Agovic und Julian Hamer eine starke Leistung und schickten die G\u00e4ste aus dem R\u00f6hrtalstadion mit einer 5:0 (2:0)-Packung auf die Heimreise. Damit [&hellip;]<\/p>\n","protected":false},"author":5,"featured_media":2225,"comment_status":"closed","ping_status":"closed","sticky":false,"template":"","format":"standard","meta":[],"categories":[1,39],"tags":[],"_links":{"self":[{"href":"https:\/\/svhuesten09.de\/web\/wp-json\/wp\/v2\/posts\/2224"}],"collection":[{"href":"https:\/\/svhuesten09.de\/web\/wp-json\/wp\/v2\/posts"}],"about":[{"href":"https:\/\/svhuesten09.de\/web\/wp-json\/wp\/v2\/types\/post"}],"author":[{"embeddable":true,"href":"https:\/\/svhuesten09.de\/web\/wp-json\/wp\/v2\/users\/5"}],"replies":[{"embeddable":true,"href":"https:\/\/svhuesten09.de\/web\/wp-json\/wp\/v2\/comments?post=2224"}],"version-history":[{"count":1,"href":"https:\/\/svhuesten09.de\/web\/wp-json\/wp\/v2\/posts\/2224\/revisions"}],"predecessor-version":[{"id":2226,"href":"https:\/\/svhuesten09.de\/web\/wp-json\/wp\/v2\/posts\/2224\/revisions\/2226"}],"wp:featuredmedia":[{"embeddable":true,"href":"https:\/\/svhuesten09.de\/web\/wp-json\/wp\/v2\/media\/2225"}],"wp:attachment":[{"href":"https:\/\/svhuesten09.de\/web\/wp-json\/wp\/v2\/media?parent=2224"}],"wp:term":[{"taxonomy":"category","embeddable":true,"href":"https:\/\/svhuesten09.de\/web\/wp-json\/wp\/v2\/categories?post=2224"},{"taxonomy":"post_tag","embeddable":true,"href":"https:\/\/svhuesten09.de\/web\/wp-json\/wp\/v2\/tags?post=2224"}],"curies":[{"name":"wp","href":"https:\/\/api.w.org\/{rel}","templated":true}]}}