{"id":2478,"date":"2014-03-14T16:27:51","date_gmt":"2014-03-14T15:27:51","guid":{"rendered":"http:\/\/svhuesten09.de\/web\/?p=2478"},"modified":"2014-03-14T16:27:51","modified_gmt":"2014-03-14T15:27:51","slug":"grosser-heimspieltag-am-16-maerz","status":"publish","type":"post","link":"https:\/\/svhuesten09.de\/web\/2014\/03\/14\/grosser-heimspieltag-am-16-maerz\/","title":{"rendered":"Gro\u00dfer Heimspieltag am 16. M\u00e4rz"},"content":{"rendered":"<p>Am dritten M\u00e4rz-Wochenende kehren auch die kreislichen Teams des Fu\u00dfballkreises Arnsberg in den Ligabetrieb zur\u00fcck und k\u00e4mpfen am Sonntag, den 16. M\u00e4rz, wieder um Punkte. Den Auftakt des 09-Wochenendes machen aber am Samstag, den 15. M\u00e4rz, zun\u00e4chst die H\u00fcstener Nachwuchsteams. Die U15-Junioren des SV H\u00fcsten 09 empfangen um 13:00 Uhr die JSG Balve\/Affeln\/Garbeck, w\u00e4hrend die U13 zur gleichen Zeit beim SV Arnsberg 09 antritt. Die 09-D3 spielt um 13:15 Uhr bei der U12 des TuS Sundern, w\u00e4hrend deren U13 um 14:00 Uhr bei der H\u00fcstener U12 zu Gast ist. Am Sonntag, den 16. M\u00e4rz, steht dann um 10:30 Uhr das Spitzenspiel der U17-Leistungsliga zwischen dem SV H\u00fcsten 09 und dem SC Neheim II auf dem Programm. Anschlie\u00dfend empf\u00e4ngt die dritte Seniorenmannschaft den FC Neheim-Erlenbruch, w\u00e4hrend die 09-Reserve im ersten Spiel unter der Leitung von Neu-Trainer Thomas Vogt gegen Spitzenreiter SuS Langscheid\/Enkhausen II um Punkte k\u00e4mpft. Punkte kann aber auch die Garbe-Elf gut gebrauchen, die um 15:00 Uhr den FSV Werdohl im Stadion Gro\u00dfe Wiese begr\u00fc\u00dft.<\/p>\n<table width=\"100%\" border=\"0\" cellspacing=\"1\" cellpadding=\"1\">\n<tbody>\n<tr>\n<td colspan=\"4\" bgcolor=\"#cccccc\">\u00a0 <strong>Samstag, 15. M\u00e4rz 2014:<\/strong><\/td>\n<\/tr>\n<tr>\n<td style=\"text-align: center;\">13:00 Uhr<\/td>\n<td style=\"text-align: center;\"><strong>SV\u00a0H\u00fcsten 09 U15<\/strong><\/td>\n<td style=\"text-align: center;\">&#8211;<\/td>\n<td style=\"text-align: center;\">JSG\u00a0Balve\/Garbeck\/Affeln U15<\/td>\n<\/tr>\n<tr>\n<td style=\"text-align: center;\">13:00 Uhr<\/td>\n<td style=\"text-align: center;\">SV\u00a0Arnsberg 09 U13<\/td>\n<td style=\"text-align: center;\">&#8211;<\/td>\n<td style=\"text-align: center;\"><strong>SV\u00a0H\u00fcsten 09 U13<\/strong><\/td>\n<\/tr>\n<tr>\n<td style=\"text-align: center;\">13:15 Uhr<\/td>\n<td style=\"text-align: center;\">TuS\u00a0Sundern U12<\/td>\n<td style=\"text-align: center;\">&#8211;<\/td>\n<td style=\"text-align: center;\"><strong>SV\u00a0H\u00fcsten 09 D3<\/strong><\/td>\n<\/tr>\n<tr>\n<td style=\"text-align: center;\">14:00 Uhr<\/td>\n<td style=\"text-align: center;\"><strong>SV\u00a0H\u00fcsten 09 U12<\/strong><\/td>\n<td style=\"text-align: center;\">&#8211;<\/td>\n<td style=\"text-align: center;\">TuS\u00a0Sundern U13<\/td>\n<\/tr>\n<tr>\n<td><\/td>\n<td><\/td>\n<td><\/td>\n<td><\/td>\n<\/tr>\n<tr>\n<td colspan=\"4\" bgcolor=\"#cccccc\">\u00a0 <strong>Sonntag, 16. M\u00e4rz 2014:<\/strong><\/td>\n<\/tr>\n<tr>\n<td style=\"text-align: center;\">10:30 Uhr<\/td>\n<td style=\"text-align: center;\"><strong>SV\u00a0H\u00fcsten 09 U17<\/strong><\/td>\n<td style=\"text-align: center;\">&#8211;<\/td>\n<td style=\"text-align: center;\">SC\u00a0Neheim U16<\/td>\n<\/tr>\n<tr>\n<td style=\"text-align: center;\">12:45 Uhr<\/td>\n<td style=\"text-align: center;\"><strong>SV\u00a0H\u00fcsten 09 III<\/strong><\/td>\n<td style=\"text-align: center;\">&#8211;<\/td>\n<td style=\"text-align: center;\">FC\u00a0Neheim-Erlenbruch II<\/td>\n<\/tr>\n<tr>\n<td style=\"text-align: center;\">12:45 Uhr<\/td>\n<td style=\"text-align: center;\"><strong>SV\u00a0H\u00fcsten 09 II<\/strong><\/td>\n<td style=\"text-align: center;\">&#8211;<\/td>\n<td style=\"text-align: center;\">SuS\u00a0Langscheid\/Enkhausen II<\/td>\n<\/tr>\n<tr>\n<td style=\"text-align: center;\">15:00 Uhr<\/td>\n<td style=\"text-align: center;\"><strong>SV\u00a0H\u00fcsten 09<\/strong><\/td>\n<td style=\"text-align: center;\">&#8211;<\/td>\n<td style=\"text-align: center;\">FSV\u00a0Werdohl<\/td>\n<\/tr>\n<\/tbody>\n<\/table>\n","protected":false},"excerpt":{"rendered":"<p>Am dritten M\u00e4rz-Wochenende kehren auch die kreislichen Teams des Fu\u00dfballkreises Arnsberg in den Ligabetrieb zur\u00fcck und k\u00e4mpfen am Sonntag, den 16. M\u00e4rz, wieder um Punkte. Den Auftakt des 09-Wochenendes machen aber am Samstag, den 15. M\u00e4rz, zun\u00e4chst die H\u00fcstener Nachwuchsteams. Die U15-Junioren des SV H\u00fcsten 09 empfangen um 13:00 Uhr die JSG Balve\/Affeln\/Garbeck, w\u00e4hrend die [&hellip;]<\/p>\n","protected":false},"author":5,"featured_media":2479,"comment_status":"closed","ping_status":"closed","sticky":false,"template":"","format":"standard","meta":[],"categories":[32,33,34,1,55,44,43,41,39],"tags":[],"_links":{"self":[{"href":"https:\/\/svhuesten09.de\/web\/wp-json\/wp\/v2\/posts\/2478"}],"collection":[{"href":"https:\/\/svhuesten09.de\/web\/wp-json\/wp\/v2\/posts"}],"about":[{"href":"https:\/\/svhuesten09.de\/web\/wp-json\/wp\/v2\/types\/post"}],"author":[{"embeddable":true,"href":"https:\/\/svhuesten09.de\/web\/wp-json\/wp\/v2\/users\/5"}],"replies":[{"embeddable":true,"href":"https:\/\/svhuesten09.de\/web\/wp-json\/wp\/v2\/comments?post=2478"}],"version-history":[{"count":1,"href":"https:\/\/svhuesten09.de\/web\/wp-json\/wp\/v2\/posts\/2478\/revisions"}],"predecessor-version":[{"id":2480,"href":"https:\/\/svhuesten09.de\/web\/wp-json\/wp\/v2\/posts\/2478\/revisions\/2480"}],"wp:featuredmedia":[{"embeddable":true,"href":"https:\/\/svhuesten09.de\/web\/wp-json\/wp\/v2\/media\/2479"}],"wp:attachment":[{"href":"https:\/\/svhuesten09.de\/web\/wp-json\/wp\/v2\/media?parent=2478"}],"wp:term":[{"taxonomy":"category","embeddable":true,"href":"https:\/\/svhuesten09.de\/web\/wp-json\/wp\/v2\/categories?post=2478"},{"taxonomy":"post_tag","embeddable":true,"href":"https:\/\/svhuesten09.de\/web\/wp-json\/wp\/v2\/tags?post=2478"}],"curies":[{"name":"wp","href":"https:\/\/api.w.org\/{rel}","templated":true}]}}