{"id":2873,"date":"2014-04-01T16:00:20","date_gmt":"2014-04-01T14:00:20","guid":{"rendered":"http:\/\/svhuesten09.de\/web\/?p=2873"},"modified":"2014-04-01T21:07:12","modified_gmt":"2014-04-01T19:07:12","slug":"rustem-agovic-wird-zur-saison-201415-neuer-u19-coach-des-sv-huesten-09","status":"publish","type":"post","link":"https:\/\/svhuesten09.de\/web\/2014\/04\/01\/rustem-agovic-wird-zur-saison-201415-neuer-u19-coach-des-sv-huesten-09\/","title":{"rendered":"Rustem Agovic wird zur Saison 2014|15 neuer U19-Coach des SV H\u00fcsten 09"},"content":{"rendered":"<p>Die Jugendabteilung des SV H\u00fcsten 09 ist stolz und freut sich, mit Rustem Agovic einen &#8222;Ur-H\u00fcstener&#8220; als Trainer f\u00fcr die U19-Junioren f\u00fcr die Saison 2014|15 pr\u00e4sentieren zu d\u00fcrfen.<\/p>\n<p>Nach der kurzfristigen Absage von Ingo Renk als U19-Trainer f\u00fcr die Saison 2014|15, der aufgrund seiner langfristigen Verletzung das Amt zur Verf\u00fcgung stellte, war die Jugendabteilung des SV H\u00fcsten 09 gefordert, kurzfristig einen ad\u00e4quaten Nachfolger des scheidenden Trainers Marco Grebe zu pr\u00e4sentieren. Wunsch der Jugendabteilung war es, &#8222;einen von uns&#8220; f\u00fcr diese Aufgabe zu gewinnen. Darum wurde das erste Gespr\u00e4ch von Jugendleiter Ralf Detzner in Abstimmung mit dem Jugendvorstand mit Rustem Agovic gef\u00fchrt. Er ist seit Jahrzehnten den 09ern verbunden und trainierte bereits mehrfach Jugendteams in H\u00fcsten.<\/p>\n<p>Ralf Detzner sagte: &#8222;Das Gespr\u00e4ch dauerte lange, da wir in sch\u00f6nen Erinnerungen schwelgen konnten. Rustem Agovic&#8217;s Entscheidung dauerte nur wenige Sekunden. Die seit Jahren bestehende Freundschaft zwischen uns und die Verbundenheit zur Jugendabteilung waren sicher der Ausschlag f\u00fcr diese rasche Entscheidung. Rustem Agovic kennt die Struktur der Jugendabteilung sehr genau und hat bereits erfolgreich in unseren Reihen gearbeitet.\u00a0Ich freue mich auf die sicher sehr harmonische Zusammenarbeit. Wer ihn kennt, wird sich auch auf eine erfolgreichen Zusammenarbeit freuen k\u00f6nnen.&#8220;<\/p>\n","protected":false},"excerpt":{"rendered":"<p>Die Jugendabteilung des SV H\u00fcsten 09 ist stolz und freut sich, mit Rustem Agovic einen &#8222;Ur-H\u00fcstener&#8220; als Trainer f\u00fcr die U19-Junioren f\u00fcr die Saison 2014|15 pr\u00e4sentieren zu d\u00fcrfen. Nach der kurzfristigen Absage von Ingo Renk als U19-Trainer f\u00fcr die Saison 2014|15, der aufgrund seiner langfristigen Verletzung das Amt zur Verf\u00fcgung stellte, war die Jugendabteilung des [&hellip;]<\/p>\n","protected":false},"author":5,"featured_media":2874,"comment_status":"closed","ping_status":"closed","sticky":false,"template":"","format":"standard","meta":[],"categories":[1,37],"tags":[],"_links":{"self":[{"href":"https:\/\/svhuesten09.de\/web\/wp-json\/wp\/v2\/posts\/2873"}],"collection":[{"href":"https:\/\/svhuesten09.de\/web\/wp-json\/wp\/v2\/posts"}],"about":[{"href":"https:\/\/svhuesten09.de\/web\/wp-json\/wp\/v2\/types\/post"}],"author":[{"embeddable":true,"href":"https:\/\/svhuesten09.de\/web\/wp-json\/wp\/v2\/users\/5"}],"replies":[{"embeddable":true,"href":"https:\/\/svhuesten09.de\/web\/wp-json\/wp\/v2\/comments?post=2873"}],"version-history":[{"count":3,"href":"https:\/\/svhuesten09.de\/web\/wp-json\/wp\/v2\/posts\/2873\/revisions"}],"predecessor-version":[{"id":2880,"href":"https:\/\/svhuesten09.de\/web\/wp-json\/wp\/v2\/posts\/2873\/revisions\/2880"}],"wp:featuredmedia":[{"embeddable":true,"href":"https:\/\/svhuesten09.de\/web\/wp-json\/wp\/v2\/media\/2874"}],"wp:attachment":[{"href":"https:\/\/svhuesten09.de\/web\/wp-json\/wp\/v2\/media?parent=2873"}],"wp:term":[{"taxonomy":"category","embeddable":true,"href":"https:\/\/svhuesten09.de\/web\/wp-json\/wp\/v2\/categories?post=2873"},{"taxonomy":"post_tag","embeddable":true,"href":"https:\/\/svhuesten09.de\/web\/wp-json\/wp\/v2\/tags?post=2873"}],"curies":[{"name":"wp","href":"https:\/\/api.w.org\/{rel}","templated":true}]}}