{"id":3723,"date":"2013-05-17T14:15:22","date_gmt":"2013-05-17T12:15:22","guid":{"rendered":"http:\/\/svhuesten09.de\/web\/?p=3723"},"modified":"2014-05-25T19:55:17","modified_gmt":"2014-05-25T17:55:17","slug":"chedli-melki-ist-vater-geworden","status":"publish","type":"post","link":"https:\/\/svhuesten09.de\/web\/2013\/05\/17\/chedli-melki-ist-vater-geworden\/","title":{"rendered":"Chedli Melki ist Vater geworden"},"content":{"rendered":"<p>09-St\u00fcrmer Chedli Melki ist am Dienstag, den 14. Mai, Vater geworden. Seine Lebensgef\u00e4hrtin Caterina brachte in der Klinik ein M\u00e4dchen zur Welt. &#8222;Es wird auf den Namen Alaa getauft&#8220;, sagte ein stolzer Vater, der zwei Tage sp\u00e4ter ein Tor und eine Vorlage zum 3:2-Sieg in Warstein beisteuerte. Herzlichen Gl\u00fcckwunsch w\u00fcnscht der gesamte Verein SV H\u00fcsten 09.<\/p>\n","protected":false},"excerpt":{"rendered":"<p>09-St\u00fcrmer Chedli Melki ist am Dienstag, den 14. Mai, Vater geworden. Seine Lebensgef\u00e4hrtin Caterina brachte in der Klinik ein M\u00e4dchen zur Welt. &#8222;Es wird auf den Namen Alaa getauft&#8220;, sagte ein stolzer Vater, der zwei Tage sp\u00e4ter ein Tor und eine Vorlage zum 3:2-Sieg in Warstein beisteuerte. Herzlichen Gl\u00fcckwunsch w\u00fcnscht der gesamte Verein SV H\u00fcsten [&hellip;]<\/p>\n","protected":false},"author":5,"featured_media":3752,"comment_status":"closed","ping_status":"closed","sticky":false,"template":"","format":"standard","meta":[],"categories":[32,1],"tags":[],"_links":{"self":[{"href":"https:\/\/svhuesten09.de\/web\/wp-json\/wp\/v2\/posts\/3723"}],"collection":[{"href":"https:\/\/svhuesten09.de\/web\/wp-json\/wp\/v2\/posts"}],"about":[{"href":"https:\/\/svhuesten09.de\/web\/wp-json\/wp\/v2\/types\/post"}],"author":[{"embeddable":true,"href":"https:\/\/svhuesten09.de\/web\/wp-json\/wp\/v2\/users\/5"}],"replies":[{"embeddable":true,"href":"https:\/\/svhuesten09.de\/web\/wp-json\/wp\/v2\/comments?post=3723"}],"version-history":[{"count":3,"href":"https:\/\/svhuesten09.de\/web\/wp-json\/wp\/v2\/posts\/3723\/revisions"}],"predecessor-version":[{"id":3753,"href":"https:\/\/svhuesten09.de\/web\/wp-json\/wp\/v2\/posts\/3723\/revisions\/3753"}],"wp:featuredmedia":[{"embeddable":true,"href":"https:\/\/svhuesten09.de\/web\/wp-json\/wp\/v2\/media\/3752"}],"wp:attachment":[{"href":"https:\/\/svhuesten09.de\/web\/wp-json\/wp\/v2\/media?parent=3723"}],"wp:term":[{"taxonomy":"category","embeddable":true,"href":"https:\/\/svhuesten09.de\/web\/wp-json\/wp\/v2\/categories?post=3723"},{"taxonomy":"post_tag","embeddable":true,"href":"https:\/\/svhuesten09.de\/web\/wp-json\/wp\/v2\/tags?post=3723"}],"curies":[{"name":"wp","href":"https:\/\/api.w.org\/{rel}","templated":true}]}}