{"id":421,"date":"2013-12-04T14:59:48","date_gmt":"2013-12-04T13:59:48","guid":{"rendered":"http:\/\/svhuesten09.de\/web\/?p=421"},"modified":"2014-01-08T09:05:10","modified_gmt":"2014-01-08T08:05:10","slug":"marco-grebe-hoert-am-saisonende-als-u19-trainer-auf","status":"publish","type":"post","link":"https:\/\/svhuesten09.de\/web\/2013\/12\/04\/marco-grebe-hoert-am-saisonende-als-u19-trainer-auf\/","title":{"rendered":"Marco Grebe h\u00f6rt am Saisonende als U19-Trainer auf"},"content":{"rendered":"<p>H\u00fcsten. Marco Grebe wird am Saisonende sein Amt als Trainer der U19-Junioren des SV\u00a0H\u00fcsten 09 niederlegen. Der \u00dcbungsleiter \u00fcbernahm die damalige Bezirksligamannschaft zur R\u00fcckrunde der Saison 2011|12, f\u00fchrte das Team dort zum Klassenerhalt, stieg in der vergangenen Spielzeit aber mit der Mannschaft ab und vollzieht nun einen Neuaufbau. Zum Saisonende wird Marco Grebe aber den Posten als U19-Trainer zur Verf\u00fcgung stellen.<\/p>\n<p>Nach dem\u00a0Abstieg aus der Bezirksliga befinden sich die U19-Junioren des SV\u00a0H\u00fcsten 09 in einem Neuaufbau.\u00a0Gerade einmal\u00a0f\u00fcnf Spieler haben dem Verein nach dem Abstieg die Treue gehalten und bilden den Altjahrgang.\u00a0Hinzu kamen zw\u00f6lf Spieler aus der U17 und zwei Spieler vom SC Neheim, die den Jungjahrgang der aktuellen U19 stellen. &#8222;Das Saisonziel hei\u00dft &#8222;nur&#8220;, sich weiterzuentwickeln\u00a0und zu lernen, um im n\u00e4chsten Jahr als \u00fcberwiegender Altjahrgang vielleicht wieder eine Chance zu haben, ganz oben mitzuspielen&#8220;, sagte\u00a0Marco Grebe, der anmerkte, dass 14 Spieler noch ein weiteres Jahr in der\u00a0U19 spielen werden.<\/p>\n<p>&#8222;Die Sommervorbereitung und der damit verbundene Saisonstart war durchwachsen &#8211; viele Spieler waren lange im Urlaub. Desweiteren mussten sich einige Spieler erst einmal an gewisse technisch und taktische Dinge gew\u00f6hnen. Die junge Truppe hat daf\u00fcr etwas gebraucht, sodass unser Saisonstart mit zwei Punkten aus zwei Spielen (2:2 gegen Allendorf und 1:1 gegen SG Herdringen\/M\u00fcschede) nicht optimal war. Die Mannschaft hat sich aber im Laufe der Hinrunde deutlich bekrabbelt und jeder Spieler hat in seiner Entwicklung einen Schritt gemacht. Das ist auch genau das vorrangige Ziel dieses Jahres, die Jung&#8217;s so weiter zu bringen, dass im n\u00e4chsten Jahr eine gute Grundvorraussetzung geschaffen ist, um eventuell wieder ganz oben mitzuspielen&#8220;, so Marco Grebe.<\/p>\n<p>Marco Grebe hingegen wird sein Amt als Trainer der U19-Junioren nach der Saison 2013|14 niederlegen. &#8222;Ich verlasse die U19, aber nat\u00fcrlich nicht den Verein. Die Turnierkoordination sowie die U10-Junioren\u00a0werde ich auch in der Saison 2014|15 weiter fortf\u00fchren&#8220;, sagte Marco Grebe.<\/p>\n","protected":false},"excerpt":{"rendered":"<p>H\u00fcsten. Marco Grebe wird am Saisonende sein Amt als Trainer der U19-Junioren des SV\u00a0H\u00fcsten 09 niederlegen. Der \u00dcbungsleiter \u00fcbernahm die damalige Bezirksligamannschaft zur R\u00fcckrunde der Saison 2011|12, f\u00fchrte das Team dort zum Klassenerhalt, stieg in der vergangenen Spielzeit aber mit der Mannschaft ab und vollzieht nun einen Neuaufbau. Zum Saisonende wird Marco Grebe aber den [&hellip;]<\/p>\n","protected":false},"author":5,"featured_media":422,"comment_status":"closed","ping_status":"closed","sticky":false,"template":"","format":"standard","meta":[],"categories":[1,37],"tags":[],"_links":{"self":[{"href":"https:\/\/svhuesten09.de\/web\/wp-json\/wp\/v2\/posts\/421"}],"collection":[{"href":"https:\/\/svhuesten09.de\/web\/wp-json\/wp\/v2\/posts"}],"about":[{"href":"https:\/\/svhuesten09.de\/web\/wp-json\/wp\/v2\/types\/post"}],"author":[{"embeddable":true,"href":"https:\/\/svhuesten09.de\/web\/wp-json\/wp\/v2\/users\/5"}],"replies":[{"embeddable":true,"href":"https:\/\/svhuesten09.de\/web\/wp-json\/wp\/v2\/comments?post=421"}],"version-history":[{"count":1,"href":"https:\/\/svhuesten09.de\/web\/wp-json\/wp\/v2\/posts\/421\/revisions"}],"predecessor-version":[{"id":423,"href":"https:\/\/svhuesten09.de\/web\/wp-json\/wp\/v2\/posts\/421\/revisions\/423"}],"wp:featuredmedia":[{"embeddable":true,"href":"https:\/\/svhuesten09.de\/web\/wp-json\/wp\/v2\/media\/422"}],"wp:attachment":[{"href":"https:\/\/svhuesten09.de\/web\/wp-json\/wp\/v2\/media?parent=421"}],"wp:term":[{"taxonomy":"category","embeddable":true,"href":"https:\/\/svhuesten09.de\/web\/wp-json\/wp\/v2\/categories?post=421"},{"taxonomy":"post_tag","embeddable":true,"href":"https:\/\/svhuesten09.de\/web\/wp-json\/wp\/v2\/tags?post=421"}],"curies":[{"name":"wp","href":"https:\/\/api.w.org\/{rel}","templated":true}]}}