{"id":4540,"date":"2014-07-26T14:00:53","date_gmt":"2014-07-26T12:00:53","guid":{"rendered":"http:\/\/svhuesten09.de\/web\/?p=4540"},"modified":"2014-07-26T14:00:53","modified_gmt":"2014-07-26T12:00:53","slug":"trainingsauftakt-der-u17-am-30-juli-um-1730-uhr","status":"publish","type":"post","link":"https:\/\/svhuesten09.de\/web\/2014\/07\/26\/trainingsauftakt-der-u17-am-30-juli-um-1730-uhr\/","title":{"rendered":"Trainingsauftakt der U17 am 30. Juli um 17:30 Uhr"},"content":{"rendered":"<p>Die U17-Junioren des SV H\u00fcsten 09 nehmen am Mittwoch, den 30. Juli, das Training f\u00fcr die Saison 2014|15 auf. Um 17:30 Uhr bitten die Trainer Rainer Arndt und Hendrik T\u00f6lle zur ersten Einheit der neuen Saison. &#8222;Wir m\u00f6chten alle Spieler der B-Jugend zum Trainingsauftakt bitten. Das hei\u00dft, alle Spieler der Jahrg\u00e4nge 1998 und 1999 sind zum Trainingsauftakt eingeladen&#8220;, sagte Rainer Arndt.<\/p>\n<p>Die U17-Junioren des SV H\u00fcsten 09 haben einen Neuzugang f\u00fcr die Saison 2014|15 erhalten. Adrian Lakos wechselt vom SV Bachum\/Bergheim zu den Gr\u00fcn-Wei\u00dfen und wird ab sofort im 09-Dress auflaufen. &#8222;Adrian Lakos ist ein Wunschspieler, den uns sehr gut zu Gesicht stehen wird. Wir freuen uns auf die neue Saison, hoffen aber zugleich auch auf eine bessere Trainingsteilnahme als in der abgelaufenen Saison&#8220;, so Rainer Arndt.<\/p>\n<p>Auch die erste Runde des U17-Kreispokals wurde ausgelost. Direkt zum Auftakt m\u00fcssen die H\u00fcstener bei der U17-Landesligamannschaft des SC Neheim antreten. Eine \u00e4u\u00dferst ungl\u00fcckliche Auslosung, zumal beide Mannschaften sicherlich zu den besten Nachwuchsteams im Kreis geh\u00f6ren.<\/p>\n","protected":false},"excerpt":{"rendered":"<p>Die U17-Junioren des SV H\u00fcsten 09 nehmen am Mittwoch, den 30. Juli, das Training f\u00fcr die Saison 2014|15 auf. Um 17:30 Uhr bitten die Trainer Rainer Arndt und Hendrik T\u00f6lle zur ersten Einheit der neuen Saison. &#8222;Wir m\u00f6chten alle Spieler der B-Jugend zum Trainingsauftakt bitten. Das hei\u00dft, alle Spieler der Jahrg\u00e4nge 1998 und 1999 sind [&hellip;]<\/p>\n","protected":false},"author":5,"featured_media":2414,"comment_status":"closed","ping_status":"closed","sticky":false,"template":"","format":"standard","meta":[],"categories":[1,39],"tags":[],"_links":{"self":[{"href":"https:\/\/svhuesten09.de\/web\/wp-json\/wp\/v2\/posts\/4540"}],"collection":[{"href":"https:\/\/svhuesten09.de\/web\/wp-json\/wp\/v2\/posts"}],"about":[{"href":"https:\/\/svhuesten09.de\/web\/wp-json\/wp\/v2\/types\/post"}],"author":[{"embeddable":true,"href":"https:\/\/svhuesten09.de\/web\/wp-json\/wp\/v2\/users\/5"}],"replies":[{"embeddable":true,"href":"https:\/\/svhuesten09.de\/web\/wp-json\/wp\/v2\/comments?post=4540"}],"version-history":[{"count":1,"href":"https:\/\/svhuesten09.de\/web\/wp-json\/wp\/v2\/posts\/4540\/revisions"}],"predecessor-version":[{"id":4541,"href":"https:\/\/svhuesten09.de\/web\/wp-json\/wp\/v2\/posts\/4540\/revisions\/4541"}],"wp:featuredmedia":[{"embeddable":true,"href":"https:\/\/svhuesten09.de\/web\/wp-json\/wp\/v2\/media\/2414"}],"wp:attachment":[{"href":"https:\/\/svhuesten09.de\/web\/wp-json\/wp\/v2\/media?parent=4540"}],"wp:term":[{"taxonomy":"category","embeddable":true,"href":"https:\/\/svhuesten09.de\/web\/wp-json\/wp\/v2\/categories?post=4540"},{"taxonomy":"post_tag","embeddable":true,"href":"https:\/\/svhuesten09.de\/web\/wp-json\/wp\/v2\/tags?post=4540"}],"curies":[{"name":"wp","href":"https:\/\/api.w.org\/{rel}","templated":true}]}}