{"id":4786,"date":"2014-08-05T11:08:35","date_gmt":"2014-08-05T09:08:35","guid":{"rendered":"http:\/\/svhuesten09.de\/web\/?p=4786"},"modified":"2014-08-05T11:08:35","modified_gmt":"2014-08-05T09:08:35","slug":"trainingsstartschuss-der-u19-faellt-am-05-august","status":"publish","type":"post","link":"https:\/\/svhuesten09.de\/web\/2014\/08\/05\/trainingsstartschuss-der-u19-faellt-am-05-august\/","title":{"rendered":"Trainingsstartschuss der U19 f\u00e4llt am 05. August"},"content":{"rendered":"<p>Die U19-Junioren des SV H\u00fcsten 09 starten am Dienstag, den 05. August, unter den Neu-Trainern Rustem Agovic und Essam K\u00f6pper in die Vorbereitung auf die Saison 2014|15. Die erste Einheit f\u00fcr Spieler der Jahrg\u00e4nge 1996 und 1997 startet um 19:00 Uhr.<\/p>\n","protected":false},"excerpt":{"rendered":"<p>Die U19-Junioren des SV H\u00fcsten 09 starten am Dienstag, den 05. August, unter den Neu-Trainern Rustem Agovic und Essam K\u00f6pper in die Vorbereitung auf die Saison 2014|15. Die erste Einheit f\u00fcr Spieler der Jahrg\u00e4nge 1996 und 1997 startet um 19:00 Uhr.<\/p>\n","protected":false},"author":5,"featured_media":4787,"comment_status":"closed","ping_status":"closed","sticky":false,"template":"","format":"standard","meta":[],"categories":[1,37],"tags":[],"_links":{"self":[{"href":"https:\/\/svhuesten09.de\/web\/wp-json\/wp\/v2\/posts\/4786"}],"collection":[{"href":"https:\/\/svhuesten09.de\/web\/wp-json\/wp\/v2\/posts"}],"about":[{"href":"https:\/\/svhuesten09.de\/web\/wp-json\/wp\/v2\/types\/post"}],"author":[{"embeddable":true,"href":"https:\/\/svhuesten09.de\/web\/wp-json\/wp\/v2\/users\/5"}],"replies":[{"embeddable":true,"href":"https:\/\/svhuesten09.de\/web\/wp-json\/wp\/v2\/comments?post=4786"}],"version-history":[{"count":1,"href":"https:\/\/svhuesten09.de\/web\/wp-json\/wp\/v2\/posts\/4786\/revisions"}],"predecessor-version":[{"id":4788,"href":"https:\/\/svhuesten09.de\/web\/wp-json\/wp\/v2\/posts\/4786\/revisions\/4788"}],"wp:featuredmedia":[{"embeddable":true,"href":"https:\/\/svhuesten09.de\/web\/wp-json\/wp\/v2\/media\/4787"}],"wp:attachment":[{"href":"https:\/\/svhuesten09.de\/web\/wp-json\/wp\/v2\/media?parent=4786"}],"wp:term":[{"taxonomy":"category","embeddable":true,"href":"https:\/\/svhuesten09.de\/web\/wp-json\/wp\/v2\/categories?post=4786"},{"taxonomy":"post_tag","embeddable":true,"href":"https:\/\/svhuesten09.de\/web\/wp-json\/wp\/v2\/tags?post=4786"}],"curies":[{"name":"wp","href":"https:\/\/api.w.org\/{rel}","templated":true}]}}