{"id":4793,"date":"2014-08-06T09:29:48","date_gmt":"2014-08-06T07:29:48","guid":{"rendered":"http:\/\/svhuesten09.de\/web\/?p=4793"},"modified":"2014-08-06T09:49:19","modified_gmt":"2014-08-06T07:49:19","slug":"essam-koepper-wenn-ich-etwas-anfange-dann-plane-ich-auch-laengerfristig","status":"publish","type":"post","link":"https:\/\/svhuesten09.de\/web\/2014\/08\/06\/essam-koepper-wenn-ich-etwas-anfange-dann-plane-ich-auch-laengerfristig\/","title":{"rendered":"Essam K\u00f6pper: &#8222;Wenn ich etwas anfange, dann plane ich auch l\u00e4ngerfristig&#8220;"},"content":{"rendered":"<p>Mit neun H\u00fcstenern auf dem Platz starteten die U19-Junioren des SV H\u00fcsten 09 unter der Leitung von Neu-Trainer Essam K\u00f6pper am Dienstag, den 05. August, in die Vorbereitung auf die Saison 2014|15.<\/p>\n<p>Einen erfolgreichen Trainingsauftakt hatten die Spieler der Jahrg\u00e4nge 1996 und 1997 am Dienstag, den 05. August, mit neun Spielern und Co-Trainer Essam K\u00f6pper, der das Training ohne Neu-Trainer Rustem Agovic leitete, da dieser noch im Urlaub ist. Am Sonntag, den 31. August, startet die Saison in der U19-Findungsrunde f\u00fcr die H\u00fcstener U19-Junioren mit dem Spiel gegen die SG Rumbeck\/BW Giersk\u00e4mpen. Die Mannschaft muss sich zun\u00e4chst in einer Findungsrunde gegen sieben weitere Teams behaupten.<\/p>\n<p>Essam K\u00f6pper schaut zuversichtlich auf die Saison. Das Ziel soll daher auch der Aufstieg in die Leistungsklasse sein, die sich aus den Besten der Findungsrunde zusammenstellt. Es ginge aber f\u00fcr ihn vor allem auch um das Kennenlernen und f\u00fcr die Mannschaft um die gute Vorbereitung f\u00fcr das Spielen in den Seniorenmannschaften und die Weiterentwicklung.<\/p>\n<p>Der 42-j\u00e4hrige Jugendtrainer sieht nach seinem Wechsel vom TuS M\u00fcschede 07 auch seine pers\u00f6nliche Zukunft beim SV H\u00fcsten 09. &#8222;Wenn ich etwas anfange, dann plane ich auch l\u00e4ngerfristig&#8220;, sagte Essam K\u00f6pper. Er blickt zuversichtlich auf die Zusammenarbeit mit Rustem Agovic und will von seinen Erfahrungen, vor allem im Verein, lernen.<\/p>\n","protected":false},"excerpt":{"rendered":"<p>Mit neun H\u00fcstenern auf dem Platz starteten die U19-Junioren des SV H\u00fcsten 09 unter der Leitung von Neu-Trainer Essam K\u00f6pper am Dienstag, den 05. August, in die Vorbereitung auf die Saison 2014|15. Einen erfolgreichen Trainingsauftakt hatten die Spieler der Jahrg\u00e4nge 1996 und 1997 am Dienstag, den 05. August, mit neun Spielern und Co-Trainer Essam K\u00f6pper, [&hellip;]<\/p>\n","protected":false},"author":5,"featured_media":4795,"comment_status":"closed","ping_status":"closed","sticky":false,"template":"","format":"standard","meta":[],"categories":[1,37],"tags":[],"_links":{"self":[{"href":"https:\/\/svhuesten09.de\/web\/wp-json\/wp\/v2\/posts\/4793"}],"collection":[{"href":"https:\/\/svhuesten09.de\/web\/wp-json\/wp\/v2\/posts"}],"about":[{"href":"https:\/\/svhuesten09.de\/web\/wp-json\/wp\/v2\/types\/post"}],"author":[{"embeddable":true,"href":"https:\/\/svhuesten09.de\/web\/wp-json\/wp\/v2\/users\/5"}],"replies":[{"embeddable":true,"href":"https:\/\/svhuesten09.de\/web\/wp-json\/wp\/v2\/comments?post=4793"}],"version-history":[{"count":2,"href":"https:\/\/svhuesten09.de\/web\/wp-json\/wp\/v2\/posts\/4793\/revisions"}],"predecessor-version":[{"id":4796,"href":"https:\/\/svhuesten09.de\/web\/wp-json\/wp\/v2\/posts\/4793\/revisions\/4796"}],"wp:featuredmedia":[{"embeddable":true,"href":"https:\/\/svhuesten09.de\/web\/wp-json\/wp\/v2\/media\/4795"}],"wp:attachment":[{"href":"https:\/\/svhuesten09.de\/web\/wp-json\/wp\/v2\/media?parent=4793"}],"wp:term":[{"taxonomy":"category","embeddable":true,"href":"https:\/\/svhuesten09.de\/web\/wp-json\/wp\/v2\/categories?post=4793"},{"taxonomy":"post_tag","embeddable":true,"href":"https:\/\/svhuesten09.de\/web\/wp-json\/wp\/v2\/tags?post=4793"}],"curies":[{"name":"wp","href":"https:\/\/api.w.org\/{rel}","templated":true}]}}