{"id":529,"date":"2013-11-08T10:25:49","date_gmt":"2013-11-08T09:25:49","guid":{"rendered":"http:\/\/svhuesten09.de\/web\/?p=529"},"modified":"2014-03-13T19:59:49","modified_gmt":"2014-03-13T18:59:49","slug":"nachwuchsteams-kehren-aus-den-ferien-zurueck","status":"publish","type":"post","link":"https:\/\/svhuesten09.de\/web\/2013\/11\/08\/nachwuchsteams-kehren-aus-den-ferien-zurueck\/","title":{"rendered":"Nachwuchsteams kehren aus den Ferien zur\u00fcck"},"content":{"rendered":"<p>Auf der Hinrundenzielgerade biegen nun auch die Nachwuchsmannschaften des SV\u00a0H\u00fcsten 09 ein. Nachdem am vergangenen Wochenende die Schulferien beendet wurden, geht es f\u00fcr die 09-Teams am zweiten November-Wochenende wieder hinaus die Sportpl\u00e4tze. Die \u00fcberwiegende Anzahl der H\u00fcstener Teams hat dabei Heimspiele vor der Brust. So stehen am Samstag, den 09. November, drei Spiele mit 09-Beteiligung an, die allesamt im Stadion Gro\u00dfe Wiese ausgetragen werden. Auch am Sonntag, den 10. November, finden vier der f\u00fcnf anstehenden Begegnungen in H\u00fcsten statt, darunter auch das Derby zwischen dem SV\u00a0H\u00fcsten 09 III und dem TuS\u00a0Bruchhausen III und das Landesligaspiel der Garbe-Elf gegen den FC\u00a0Lennestadt. Das Wochenendprogramm des SV\u00a0H\u00fcsten 09 schlie\u00dfen aber die U17-M\u00e4dchen ab, die am Montag, den 11. November, um 18:00 Uhr bei der JSG\u00a0Oeventrop\/Freienohl gastieren.<\/p>\n<table width=\"100%\" border=\"0\" cellspacing=\"1\" cellpadding=\"1\">\n<tbody>\n<tr>\n<td colspan=\"4\" bgcolor=\"#cccccc\">\u00a0 <strong>Samstag, 09. November 2013:<\/strong><\/td>\n<\/tr>\n<tr>\n<td>13:00 Uhr<\/td>\n<td><strong>SV\u00a0H\u00fcsten 09 U15<\/strong><\/td>\n<td>&#8211;<\/td>\n<td>SC\u00a0Neheim U14<\/td>\n<\/tr>\n<tr>\n<td>14:00 Uhr<\/td>\n<td><strong>SV\u00a0H\u00fcsten 09 U13<\/strong><\/td>\n<td>&#8211;<\/td>\n<td>JSG\u00a0Oeventrop\/Freienohl U13<\/td>\n<\/tr>\n<tr>\n<td>14:00 Uhr<\/td>\n<td><strong>SV\u00a0H\u00fcsten 09 U12<\/strong><\/td>\n<td>&#8211;<\/td>\n<td>SV\u00a0Arnsberg 09 U13<\/td>\n<\/tr>\n<tr>\n<td><\/td>\n<td><\/td>\n<td><\/td>\n<td><\/td>\n<\/tr>\n<tr>\n<td colspan=\"4\" bgcolor=\"#cccccc\">\u00a0 <strong>Sonntag, 10. November 2013:<\/strong><\/td>\n<\/tr>\n<tr>\n<td>10:30 Uhr<\/td>\n<td>JSG\u00a0Herdringen\/M\u00fcschede U17<\/td>\n<td>&#8211;<\/td>\n<td><strong>SV\u00a0H\u00fcsten 09 U17<\/strong><\/td>\n<\/tr>\n<tr>\n<td>10:30 Uhr<\/td>\n<td><strong>SV\u00a0H\u00fcsten 09 U16<\/strong><\/td>\n<td>&#8211;<\/td>\n<td>TuS\u00a0Vo\u00dfwinkel U17<\/td>\n<\/tr>\n<tr>\n<td>12:15 Uhr<\/td>\n<td><strong>SV\u00a0H\u00fcsten 09 III<\/strong><\/td>\n<td>&#8211;<\/td>\n<td>TuS\u00a0Bruchhausen III<\/td>\n<\/tr>\n<tr>\n<td>12:15 Uhr<\/td>\n<td><strong>SV\u00a0H\u00fcsten 09 II<\/strong><\/td>\n<td>&#8211;<\/td>\n<td>TuS\u00a0Sundern II<\/td>\n<\/tr>\n<tr>\n<td>14:30 Uhr<\/td>\n<td><strong>SV\u00a0H\u00fcsten 09<\/strong><\/td>\n<td>&#8211;<\/td>\n<td>FC\u00a0Lennestadt<\/td>\n<\/tr>\n<tr>\n<td><\/td>\n<td><\/td>\n<td><\/td>\n<td><\/td>\n<\/tr>\n<tr>\n<td colspan=\"4\" bgcolor=\"#cccccc\">\u00a0 <strong>Montag, 11. November 2013:<\/strong><\/td>\n<\/tr>\n<tr>\n<td>18:00 Uhr<\/td>\n<td>JSG\u00a0Oeventrop\/Freienohl U17-M<\/td>\n<td>&#8211;<\/td>\n<td><strong>SV\u00a0H\u00fcsten 09 U17-M<\/strong><\/td>\n<\/tr>\n<\/tbody>\n<\/table>\n","protected":false},"excerpt":{"rendered":"<p>Auf der Hinrundenzielgerade biegen nun auch die Nachwuchsmannschaften des SV\u00a0H\u00fcsten 09 ein. Nachdem am vergangenen Wochenende die Schulferien beendet wurden, geht es f\u00fcr die 09-Teams am zweiten November-Wochenende wieder hinaus die Sportpl\u00e4tze. Die \u00fcberwiegende Anzahl der H\u00fcstener Teams hat dabei Heimspiele vor der Brust. So stehen am Samstag, den 09. November, drei Spiele mit 09-Beteiligung [&hellip;]<\/p>\n","protected":false},"author":5,"featured_media":2418,"comment_status":"closed","ping_status":"closed","sticky":false,"template":"","format":"standard","meta":[],"categories":[32,33,34,1,44,43,41,40,39,57],"tags":[],"_links":{"self":[{"href":"https:\/\/svhuesten09.de\/web\/wp-json\/wp\/v2\/posts\/529"}],"collection":[{"href":"https:\/\/svhuesten09.de\/web\/wp-json\/wp\/v2\/posts"}],"about":[{"href":"https:\/\/svhuesten09.de\/web\/wp-json\/wp\/v2\/types\/post"}],"author":[{"embeddable":true,"href":"https:\/\/svhuesten09.de\/web\/wp-json\/wp\/v2\/users\/5"}],"replies":[{"embeddable":true,"href":"https:\/\/svhuesten09.de\/web\/wp-json\/wp\/v2\/comments?post=529"}],"version-history":[{"count":2,"href":"https:\/\/svhuesten09.de\/web\/wp-json\/wp\/v2\/posts\/529\/revisions"}],"predecessor-version":[{"id":2419,"href":"https:\/\/svhuesten09.de\/web\/wp-json\/wp\/v2\/posts\/529\/revisions\/2419"}],"wp:featuredmedia":[{"embeddable":true,"href":"https:\/\/svhuesten09.de\/web\/wp-json\/wp\/v2\/media\/2418"}],"wp:attachment":[{"href":"https:\/\/svhuesten09.de\/web\/wp-json\/wp\/v2\/media?parent=529"}],"wp:term":[{"taxonomy":"category","embeddable":true,"href":"https:\/\/svhuesten09.de\/web\/wp-json\/wp\/v2\/categories?post=529"},{"taxonomy":"post_tag","embeddable":true,"href":"https:\/\/svhuesten09.de\/web\/wp-json\/wp\/v2\/tags?post=529"}],"curies":[{"name":"wp","href":"https:\/\/api.w.org\/{rel}","templated":true}]}}