{"id":564,"date":"2012-01-25T19:56:40","date_gmt":"2012-01-25T18:56:40","guid":{"rendered":"http:\/\/svhuesten09.de\/web\/?p=564"},"modified":"2014-03-13T21:59:07","modified_gmt":"2014-03-13T20:59:07","slug":"hoerer-beitrag-zur-09-kooperation-mit-dem-fc-schalke-04","status":"publish","type":"post","link":"https:\/\/svhuesten09.de\/web\/2012\/01\/25\/hoerer-beitrag-zur-09-kooperation-mit-dem-fc-schalke-04\/","title":{"rendered":"H\u00f6rer-Beitrag zur 09-Kooperation mit dem FC Schalke 04"},"content":{"rendered":"<p>H\u00f6ren Sie sich den H\u00f6rer-Beitrag von Radio Sauerland an &#8211; einfach <strong><a href=\"http:\/\/www.svhuesten09.de\/bilder\/kooperation-schalke\/beitrag-radiosauerland.mp3\" target=\"_blank\">HIER<\/a><\/strong> klicken.<\/p>\n","protected":false},"excerpt":{"rendered":"<p>H\u00f6ren Sie sich den H\u00f6rer-Beitrag von Radio Sauerland an &#8211; einfach HIER klicken.<\/p>\n","protected":false},"author":5,"featured_media":2473,"comment_status":"closed","ping_status":"closed","sticky":false,"template":"","format":"standard","meta":[],"categories":[1,26,59],"tags":[],"_links":{"self":[{"href":"https:\/\/svhuesten09.de\/web\/wp-json\/wp\/v2\/posts\/564"}],"collection":[{"href":"https:\/\/svhuesten09.de\/web\/wp-json\/wp\/v2\/posts"}],"about":[{"href":"https:\/\/svhuesten09.de\/web\/wp-json\/wp\/v2\/types\/post"}],"author":[{"embeddable":true,"href":"https:\/\/svhuesten09.de\/web\/wp-json\/wp\/v2\/users\/5"}],"replies":[{"embeddable":true,"href":"https:\/\/svhuesten09.de\/web\/wp-json\/wp\/v2\/comments?post=564"}],"version-history":[{"count":1,"href":"https:\/\/svhuesten09.de\/web\/wp-json\/wp\/v2\/posts\/564\/revisions"}],"predecessor-version":[{"id":565,"href":"https:\/\/svhuesten09.de\/web\/wp-json\/wp\/v2\/posts\/564\/revisions\/565"}],"wp:featuredmedia":[{"embeddable":true,"href":"https:\/\/svhuesten09.de\/web\/wp-json\/wp\/v2\/media\/2473"}],"wp:attachment":[{"href":"https:\/\/svhuesten09.de\/web\/wp-json\/wp\/v2\/media?parent=564"}],"wp:term":[{"taxonomy":"category","embeddable":true,"href":"https:\/\/svhuesten09.de\/web\/wp-json\/wp\/v2\/categories?post=564"},{"taxonomy":"post_tag","embeddable":true,"href":"https:\/\/svhuesten09.de\/web\/wp-json\/wp\/v2\/tags?post=564"}],"curies":[{"name":"wp","href":"https:\/\/api.w.org\/{rel}","templated":true}]}}