{"id":5935,"date":"2014-12-09T16:06:05","date_gmt":"2014-12-09T15:06:05","guid":{"rendered":"http:\/\/svhuesten09.de\/web\/?p=5935"},"modified":"2014-12-10T16:29:55","modified_gmt":"2014-12-10T15:29:55","slug":"u17-schiesst-sich-nach-12-den-frust-von-der-seele","status":"publish","type":"post","link":"https:\/\/svhuesten09.de\/web\/2014\/12\/09\/u17-schiesst-sich-nach-12-den-frust-von-der-seele\/","title":{"rendered":"U17 schie\u00dft sich nach 1:2 den Frust von der Seele"},"content":{"rendered":"<p>Die U17-Junioren des SV H\u00fcsten 09 haben die ersten beiden Spiele in der U17-Leistungsliga absolviert. Am Montag, den 01. Dezember, verloren die Gr\u00fcn-Wei\u00dfen knapp mit 1:2 bei der U16 des SC Neheim, schossen sich am Sonntag, den 07. Dezember, beim 12:0-Kantersieg \u00fcber die JSG Holzen\/Beckum\/Eisborn aber den Frust von der Seele.<\/p>\n<p>Die H\u00fcstener wollten sich am ersten Spieltag der U17-Leistungsliga bei der U16 des SC Neheim f\u00fcr die 0:4-Niederlage aus der Findungsrunde revanchieren. Allerdings waren die Vorzeichen daf\u00fcr nicht die besten, denn w\u00e4hrend Neheim auf zwei Spieler aus dem U17-Landesligakader zur\u00fcckgriff, musste der SV H\u00fcsten 09 mit einer komplett neuen Innenverteidigung auflaufen. Lorenz Cronenberg und Arman Licina besetzten die zentralen Defensivpositionen und machten ihr Aufgabe sehr gut.<\/p>\n<p>In einem fairen Spiel waren die 09er auch im ersten Durchgang optisch \u00fcberlegen, brachten die Kugel aber zun\u00e4chst noch nicht im SC-Geh\u00e4use unter. So ging es zur Pause mit einem 0:0 in die Kabinen. Im zweiten Spielabschnitt hatten die H\u00fcstener dann zun\u00e4chst Pech, dass ein Schuss vom Aluminium ins Feld zur\u00fccksprang (46.). In der 55. Minute war es dann aber schlie\u00dflich soweit &#8211; Anes Agovic schloss einen 09-Angriff zum nicht unverdienten 1:0 ab.<\/p>\n<p>Allerdings sollten die H\u00fcstener im Anschluss auf dem falschen Fu\u00df erwischt werden. Im direkten Gegenzug glich der Ex-H\u00fcstener Maximilian Wenner f\u00fcr die Hausherren aus und stellte auf 1:1 (57.). Von diesem schnellen Gegentreffer erholten sich die H\u00fcstener nur noch schwer, Neheim&#8217;s U16 dominierte daraufhin die Partie. In der 65. Minute sorgte Maximilian Wenner mit seinem zweiten Tor schlie\u00dflich f\u00fcr die Wende. In der Schlussphase versuchte der SV H\u00fcsten 09 noch einmal alles, doch der Ausgleich sollte nicht mehr gelingen.<\/p>\n<p>&#8222;Das war ein sehr gutes Leistungsligaspiel. Nat\u00fcrlich waren die Jungs nach der Niederlage niedergeschlagen. Ich habe versucht, sie danach direkt wieder aufzubauen. Wir werden uns von dieser Pleite aber nicht unterkriegen lassen und weiter alles geben. Noch ist alles offen&#8220;, sagte H\u00fcsten&#8217;s U17-Trainer Rainer Arndt, der mit seiner Mannschaft im R\u00fcckspiel die verlorenen Punkte zur\u00fcckgewinnen m\u00f6chte.<\/p>\n<p>Die ersten Punkte in der U17-Leistungsliga holten die H\u00fcstener aber am Sonntag, den 07. Dezember, gegen die JSG Holzen\/Beckum\/Eisborn. 12:0 hie\u00df es am Ende f\u00fcr die Gr\u00fcn-Wei\u00dfen. In einem sehr einseitigen Spiel erzielten Anes Agovic (5), Adrian Lakos (4), Jannis K\u00e4thler, Luis Gomes Buco und Nithushan Nanthakumer die Tore f\u00fcr die 09er, die nun im letzten Spiel vor der Winterpause am Sonntag, den 14. Dezember, um 10:30 Uhr beim TuS Bruchhausen antreten.<\/p>\n","protected":false},"excerpt":{"rendered":"<p>Die U17-Junioren des SV H\u00fcsten 09 haben die ersten beiden Spiele in der U17-Leistungsliga absolviert. Am Montag, den 01. Dezember, verloren die Gr\u00fcn-Wei\u00dfen knapp mit 1:2 bei der U16 des SC Neheim, schossen sich am Sonntag, den 07. Dezember, beim 12:0-Kantersieg \u00fcber die JSG Holzen\/Beckum\/Eisborn aber den Frust von der Seele. Die H\u00fcstener wollten sich [&hellip;]<\/p>\n","protected":false},"author":5,"featured_media":5937,"comment_status":"closed","ping_status":"closed","sticky":false,"template":"","format":"standard","meta":[],"categories":[1,39],"tags":[],"_links":{"self":[{"href":"https:\/\/svhuesten09.de\/web\/wp-json\/wp\/v2\/posts\/5935"}],"collection":[{"href":"https:\/\/svhuesten09.de\/web\/wp-json\/wp\/v2\/posts"}],"about":[{"href":"https:\/\/svhuesten09.de\/web\/wp-json\/wp\/v2\/types\/post"}],"author":[{"embeddable":true,"href":"https:\/\/svhuesten09.de\/web\/wp-json\/wp\/v2\/users\/5"}],"replies":[{"embeddable":true,"href":"https:\/\/svhuesten09.de\/web\/wp-json\/wp\/v2\/comments?post=5935"}],"version-history":[{"count":1,"href":"https:\/\/svhuesten09.de\/web\/wp-json\/wp\/v2\/posts\/5935\/revisions"}],"predecessor-version":[{"id":5936,"href":"https:\/\/svhuesten09.de\/web\/wp-json\/wp\/v2\/posts\/5935\/revisions\/5936"}],"wp:featuredmedia":[{"embeddable":true,"href":"https:\/\/svhuesten09.de\/web\/wp-json\/wp\/v2\/media\/5937"}],"wp:attachment":[{"href":"https:\/\/svhuesten09.de\/web\/wp-json\/wp\/v2\/media?parent=5935"}],"wp:term":[{"taxonomy":"category","embeddable":true,"href":"https:\/\/svhuesten09.de\/web\/wp-json\/wp\/v2\/categories?post=5935"},{"taxonomy":"post_tag","embeddable":true,"href":"https:\/\/svhuesten09.de\/web\/wp-json\/wp\/v2\/tags?post=5935"}],"curies":[{"name":"wp","href":"https:\/\/api.w.org\/{rel}","templated":true}]}}