{"id":6421,"date":"2015-02-23T22:15:43","date_gmt":"2015-02-23T21:15:43","guid":{"rendered":"http:\/\/svhuesten09.de\/web\/?p=6421"},"modified":"2015-02-23T22:11:54","modified_gmt":"2015-02-23T21:11:54","slug":"neues-trainergespann-fuer-die-u17","status":"publish","type":"post","link":"https:\/\/svhuesten09.de\/web\/2015\/02\/23\/neues-trainergespann-fuer-die-u17\/","title":{"rendered":"Neues Trainergespann f\u00fcr die U17"},"content":{"rendered":"<p>Ab der Saison 2015\/16 wird die H\u00fcstener U17 von Hendrik T\u00f6lle und Ufuk \u00dczel betreut.<\/p>\n<p>Die beiden Trainer werden die 09er Junioren gleichberechtigt und gleichwertig trainieren.<\/p>\n","protected":false},"excerpt":{"rendered":"<p>Ab der Saison 2015\/16 wird die H\u00fcstener U17 von Hendrik T\u00f6lle und Ufuk \u00dczel betreut. Die beiden Trainer werden die 09er Junioren gleichberechtigt und gleichwertig trainieren.<\/p>\n","protected":false},"author":5,"featured_media":5927,"comment_status":"closed","ping_status":"closed","sticky":false,"template":"","format":"standard","meta":[],"categories":[1,39],"tags":[],"_links":{"self":[{"href":"https:\/\/svhuesten09.de\/web\/wp-json\/wp\/v2\/posts\/6421"}],"collection":[{"href":"https:\/\/svhuesten09.de\/web\/wp-json\/wp\/v2\/posts"}],"about":[{"href":"https:\/\/svhuesten09.de\/web\/wp-json\/wp\/v2\/types\/post"}],"author":[{"embeddable":true,"href":"https:\/\/svhuesten09.de\/web\/wp-json\/wp\/v2\/users\/5"}],"replies":[{"embeddable":true,"href":"https:\/\/svhuesten09.de\/web\/wp-json\/wp\/v2\/comments?post=6421"}],"version-history":[{"count":1,"href":"https:\/\/svhuesten09.de\/web\/wp-json\/wp\/v2\/posts\/6421\/revisions"}],"predecessor-version":[{"id":6422,"href":"https:\/\/svhuesten09.de\/web\/wp-json\/wp\/v2\/posts\/6421\/revisions\/6422"}],"wp:featuredmedia":[{"embeddable":true,"href":"https:\/\/svhuesten09.de\/web\/wp-json\/wp\/v2\/media\/5927"}],"wp:attachment":[{"href":"https:\/\/svhuesten09.de\/web\/wp-json\/wp\/v2\/media?parent=6421"}],"wp:term":[{"taxonomy":"category","embeddable":true,"href":"https:\/\/svhuesten09.de\/web\/wp-json\/wp\/v2\/categories?post=6421"},{"taxonomy":"post_tag","embeddable":true,"href":"https:\/\/svhuesten09.de\/web\/wp-json\/wp\/v2\/tags?post=6421"}],"curies":[{"name":"wp","href":"https:\/\/api.w.org\/{rel}","templated":true}]}}