{"id":6631,"date":"2015-03-20T15:00:06","date_gmt":"2015-03-20T14:00:06","guid":{"rendered":"http:\/\/svhuesten09.de\/web\/?p=6631"},"modified":"2015-03-19T20:44:29","modified_gmt":"2015-03-19T19:44:29","slug":"topspiel-fuer-u17-wichtiges-spiel-fuer-09-reserve","status":"publish","type":"post","link":"https:\/\/svhuesten09.de\/web\/2015\/03\/20\/topspiel-fuer-u17-wichtiges-spiel-fuer-09-reserve\/","title":{"rendered":"Topspiel f\u00fcr U17, wichtiges Spiel f\u00fcr 09-Reserve"},"content":{"rendered":"<p>Am vorletzten M\u00e4rz-Wochenende stehen insgesamt 13 Spiele mit H\u00fcstener Beteiligung auf dem Programm. Alleine am Samstag, den 21. M\u00e4rz, finden f\u00fcnf 09-Spiele im Stadion Gro\u00dfe Wiese statt. Unter anderem empf\u00e4ngt die H\u00fcstener U15 den SV Arnsberg 09. Aber auch die U19-Juniorinnen des SV H\u00fcsten 09 sind im Einsatz und spielen bei der JSG Balve\/Garbeck\/Mellen. Am Sonntag, den 22. M\u00e4rz, geht es dann f\u00fcr alle 09-Teams um ganz wichtige Punkte. Die gr\u00fcn-wei\u00dfe U17 fordert im Topspiel die U16 des SC Neheim heraus, w\u00e4hrend die U19 beim SSV Allendorf zu Gast ist. Die 09-Reserve spielt gegen den SV Affeln und das Landesligateam trifft auf die SG Finnentrop\/Bamenohl. Abgeschlossen wird das 09-Wochenende mit dem Gastspiel der dritten H\u00fcstener Seniorenmannschaft beim TuS Bruchhausen III.<\/p>\n<table border=\"0\" width=\"100%\" cellspacing=\"1\" cellpadding=\"1\">\n<tbody>\n<tr>\n<td colspan=\"4\" bgcolor=\"#cccccc\"><strong>\u00a0 Samstag, 21. M\u00e4rz 2015:<\/strong><\/td>\n<\/tr>\n<tr>\n<td style=\"text-align: center;\">11:00 Uhr<\/td>\n<td style=\"text-align: center;\"><strong>SV H\u00fcsten 09 U11<\/strong><\/td>\n<td style=\"text-align: center;\">&#8211;<\/td>\n<td style=\"text-align: center;\">SG Balve\/Garbeck U11<\/td>\n<\/tr>\n<tr>\n<td style=\"text-align: center;\">12:00 Uhr<\/td>\n<td style=\"text-align: center;\"><strong>SV H\u00fcsten 09 U10<\/strong><\/td>\n<td style=\"text-align: center;\">&#8211;<\/td>\n<td style=\"text-align: center;\">JSG Freienohl\/Wennemen U10<\/td>\n<\/tr>\n<tr>\n<td style=\"text-align: center;\">12:00 Uhr<\/td>\n<td style=\"text-align: center;\"><strong>SV H\u00fcsten 09 E3<\/strong><\/td>\n<td style=\"text-align: center;\">&#8211;<\/td>\n<td style=\"text-align: center;\">FC BW Giersk\u00e4mpen U11<\/td>\n<\/tr>\n<tr>\n<td style=\"text-align: center;\">13:00 Uhr<\/td>\n<td style=\"text-align: center;\"><strong>SV H\u00fcsten 09 U12<\/strong><\/td>\n<td style=\"text-align: center;\">&#8211;<\/td>\n<td style=\"text-align: center;\">JSG Holzen\/Beckum\/Eisborn\u00a0U12<\/td>\n<\/tr>\n<tr>\n<td style=\"text-align: center;\">14:15 Uhr<\/td>\n<td style=\"text-align: center;\"><strong>SV H\u00fcsten 09 U15<\/strong><\/td>\n<td style=\"text-align: center;\">&#8211;<\/td>\n<td style=\"text-align: center;\">SV Arnsberg 09\u00a0U15<\/td>\n<\/tr>\n<tr>\n<td style=\"text-align: center;\">14:45 Uhr<\/td>\n<td style=\"text-align: center;\">SG\u00a0Hachen\/Lang.\/Enkh.\/St. U13<\/td>\n<td style=\"text-align: center;\">&#8211;<\/td>\n<td style=\"text-align: center;\"><strong>SV H\u00fcsten 09 U13<\/strong><\/td>\n<\/tr>\n<tr>\n<td style=\"text-align: center;\">15:15 Uhr<\/td>\n<td style=\"text-align: center;\">JSG Niedereimer\/Rumbeck U15<\/td>\n<td style=\"text-align: center;\">&#8211;<\/td>\n<td style=\"text-align: center;\"><strong>SV H\u00fcsten 09 U14<\/strong><\/td>\n<\/tr>\n<tr>\n<td style=\"text-align: center;\">17:00 Uhr<\/td>\n<td style=\"text-align: center;\">JSG Balve\/Garbeck\/Mellen U19-M<\/td>\n<td style=\"text-align: center;\">&#8211;<\/td>\n<td style=\"text-align: center;\"><strong>SV H\u00fcsten 09 U19-M<\/strong><\/td>\n<\/tr>\n<tr>\n<td><\/td>\n<td><\/td>\n<td><\/td>\n<td><\/td>\n<\/tr>\n<tr>\n<td colspan=\"4\" bgcolor=\"#cccccc\"><strong>\u00a0 Sonntag, 22. M\u00e4rz 2015:<\/strong><\/td>\n<\/tr>\n<tr>\n<td style=\"text-align: center;\">11:00 Uhr<\/td>\n<td style=\"text-align: center;\"><strong>SV H\u00fcsten 09 U17<\/strong><\/td>\n<td style=\"text-align: center;\">&#8211;<\/td>\n<td style=\"text-align: center;\">SC Neheim U16<\/td>\n<\/tr>\n<tr>\n<td style=\"text-align: center;\">11:00 Uhr<\/td>\n<td style=\"text-align: center;\">SSV Allendorf\u00a0U19<\/td>\n<td style=\"text-align: center;\">&#8211;<\/td>\n<td style=\"text-align: center;\"><strong>SV H\u00fcsten 09 U19<\/strong><\/td>\n<\/tr>\n<tr>\n<td style=\"text-align: center;\">12:45 Uhr<\/td>\n<td style=\"text-align: center;\"><strong>SV H\u00fcsten 09 II<\/strong><\/td>\n<td style=\"text-align: center;\">&#8211;<\/td>\n<td style=\"text-align: center;\">SV Affeln<\/td>\n<\/tr>\n<tr>\n<td style=\"text-align: center;\">15:00 Uhr<\/td>\n<td style=\"text-align: center;\"><strong>SV H\u00fcsten 09<\/strong><\/td>\n<td style=\"text-align: center;\">&#8211;<\/td>\n<td style=\"text-align: center;\">SG Finnentrop\/Bamenohl<\/td>\n<\/tr>\n<tr>\n<td style=\"text-align: center;\">17:00 Uhr<\/td>\n<td style=\"text-align: center;\">TuS Bruchhausen III<\/td>\n<td style=\"text-align: center;\">&#8211;<\/td>\n<td style=\"text-align: center;\"><strong>SV H\u00fcsten 09 III<\/strong><\/td>\n<\/tr>\n<\/tbody>\n<\/table>\n","protected":false},"excerpt":{"rendered":"<p>Am vorletzten M\u00e4rz-Wochenende stehen insgesamt 13 Spiele mit H\u00fcstener Beteiligung auf dem Programm. Alleine am Samstag, den 21. M\u00e4rz, finden f\u00fcnf 09-Spiele im Stadion Gro\u00dfe Wiese statt. Unter anderem empf\u00e4ngt die H\u00fcstener U15 den SV Arnsberg 09. Aber auch die U19-Juniorinnen des SV H\u00fcsten 09 sind im Einsatz und spielen bei der JSG Balve\/Garbeck\/Mellen. Am [&hellip;]<\/p>\n","protected":false},"author":5,"featured_media":4357,"comment_status":"closed","ping_status":"closed","sticky":false,"template":"","format":"standard","meta":[],"categories":[32,33,34,1,54,46,45,44,43,42,41,39,37,56],"tags":[],"_links":{"self":[{"href":"https:\/\/svhuesten09.de\/web\/wp-json\/wp\/v2\/posts\/6631"}],"collection":[{"href":"https:\/\/svhuesten09.de\/web\/wp-json\/wp\/v2\/posts"}],"about":[{"href":"https:\/\/svhuesten09.de\/web\/wp-json\/wp\/v2\/types\/post"}],"author":[{"embeddable":true,"href":"https:\/\/svhuesten09.de\/web\/wp-json\/wp\/v2\/users\/5"}],"replies":[{"embeddable":true,"href":"https:\/\/svhuesten09.de\/web\/wp-json\/wp\/v2\/comments?post=6631"}],"version-history":[{"count":1,"href":"https:\/\/svhuesten09.de\/web\/wp-json\/wp\/v2\/posts\/6631\/revisions"}],"predecessor-version":[{"id":6632,"href":"https:\/\/svhuesten09.de\/web\/wp-json\/wp\/v2\/posts\/6631\/revisions\/6632"}],"wp:featuredmedia":[{"embeddable":true,"href":"https:\/\/svhuesten09.de\/web\/wp-json\/wp\/v2\/media\/4357"}],"wp:attachment":[{"href":"https:\/\/svhuesten09.de\/web\/wp-json\/wp\/v2\/media?parent=6631"}],"wp:term":[{"taxonomy":"category","embeddable":true,"href":"https:\/\/svhuesten09.de\/web\/wp-json\/wp\/v2\/categories?post=6631"},{"taxonomy":"post_tag","embeddable":true,"href":"https:\/\/svhuesten09.de\/web\/wp-json\/wp\/v2\/tags?post=6631"}],"curies":[{"name":"wp","href":"https:\/\/api.w.org\/{rel}","templated":true}]}}