{"id":6872,"date":"2015-05-08T15:38:18","date_gmt":"2015-05-08T13:38:18","guid":{"rendered":"http:\/\/svhuesten09.de\/web\/?p=6872"},"modified":"2015-05-08T15:41:14","modified_gmt":"2015-05-08T13:41:14","slug":"umfangreiches-09-wochenende-vom-09-bis-11-mai","status":"publish","type":"post","link":"https:\/\/svhuesten09.de\/web\/2015\/05\/08\/umfangreiches-09-wochenende-vom-09-bis-11-mai\/","title":{"rendered":"Umfangreiches 09-Wochenende vom 09. bis 11. Mai"},"content":{"rendered":"<p>Die Saison 2014|15 geht in die hei\u00dfe Phase. Am zweiten Mai-Wochenende steht ein umfangreiches Fu\u00dfballwochenende f\u00fcr die Mannschaften des SV H\u00fcsten 09 auf dem Programm. Alleine am Samstag, den 09. Mai, finden insgesamt sieben Spiele mit 09-Beteiligung statt. Am Sonntag, den 10. Mai, sind insbesondere die drei Seniorenmannschaften im Einsatz. W\u00e4hrend es f\u00fcr die D-Liga-Elf um 12:45 Uhr gegen den FC Sauerlandia H\u00f6vel geht, reist das Landesligateam zum FC Lennestadt. Am Montag, den 11. Mai, kommt es dann zum Spitzenspiel in der U17-Leistungsliga, wo der SV H\u00fcsten 09 bei Tabellenf\u00fchrer TuS Sundern antritt und mit einem Sieg einen gro\u00dfen Schritt Richtung Meisterschaft machen kann.<\/p>\n<table border=\"0\" width=\"100%\" cellspacing=\"1\" cellpadding=\"1\">\n<tbody>\n<tr>\n<td colspan=\"4\" bgcolor=\"#cccccc\"><strong>\u00a0 Samstag, 09. Mai\u00a02015:<\/strong><\/td>\n<\/tr>\n<tr>\n<td style=\"text-align: center;\">13:00 Uhr<\/td>\n<td style=\"text-align: center;\">JSG Niedereimer\/Bruchhausen U11<\/td>\n<td style=\"text-align: center;\">&#8211;<\/td>\n<td style=\"text-align: center;\"><strong>SV H\u00fcsten 09 U11<\/strong><\/td>\n<\/tr>\n<tr>\n<td style=\"text-align: center;\">13:00 Uhr<\/td>\n<td style=\"text-align: center;\">JSG Niedereimer\/Bruchhausen U10<\/td>\n<td style=\"text-align: center;\">&#8211;<\/td>\n<td style=\"text-align: center;\"><strong>SV H\u00fcsten 09 U10<\/strong><\/td>\n<\/tr>\n<tr>\n<td style=\"text-align: center;\">13:00 Uhr<\/td>\n<td style=\"text-align: center;\">SuS Westenfeld U11<\/td>\n<td style=\"text-align: center;\">&#8211;<\/td>\n<td style=\"text-align: center;\"><strong>SV H\u00fcsten 09 E3<\/strong><\/td>\n<\/tr>\n<tr>\n<td style=\"text-align: center;\">13:00 Uhr<\/td>\n<td style=\"text-align: center;\"><strong>SV H\u00fcsten 09 U13<\/strong><\/td>\n<td style=\"text-align: center;\">&#8211;<\/td>\n<td style=\"text-align: center;\">JSG GW Arnsberg\/Rumbeck U13<\/td>\n<\/tr>\n<tr>\n<td style=\"text-align: center;\">13:15 Uhr<\/td>\n<td style=\"text-align: center;\">TuS Sundern U12<\/td>\n<td style=\"text-align: center;\">&#8211;<\/td>\n<td style=\"text-align: center;\"><strong>SV H\u00fcsten 09 U12<\/strong><\/td>\n<\/tr>\n<tr>\n<td style=\"text-align: center;\">14:15 Uhr<\/td>\n<td style=\"text-align: center;\"><strong>SV H\u00fcsten 09 U15<\/strong><\/td>\n<td style=\"text-align: center;\">&#8211;<\/td>\n<td style=\"text-align: center;\">SC Neheim U14<\/td>\n<\/tr>\n<tr>\n<td style=\"text-align: center;\">15:00 Uhr<\/td>\n<td style=\"text-align: center;\">JSG Beckum\/Holzen\/Eisborn U15<\/td>\n<td style=\"text-align: center;\">&#8211;<\/td>\n<td style=\"text-align: center;\"><strong>SV H\u00fcsten 09 U14<\/strong><\/td>\n<\/tr>\n<tr>\n<td><\/td>\n<td><\/td>\n<td><\/td>\n<td><\/td>\n<\/tr>\n<tr>\n<td colspan=\"4\" bgcolor=\"#cccccc\"><strong>\u00a0 Sonntag, 10. Mai 2015:<\/strong><\/td>\n<\/tr>\n<tr>\n<td style=\"text-align: center;\">10:30 Uhr<\/td>\n<td style=\"text-align: center;\">TuS Vo\u00dfwinkel U19<\/td>\n<td style=\"text-align: center;\">&#8211;<\/td>\n<td style=\"text-align: center;\"><strong>SV H\u00fcsten 09 U19<\/strong><\/td>\n<\/tr>\n<tr>\n<td style=\"text-align: center;\">12:45 Uhr<\/td>\n<td style=\"text-align: center;\"><strong>SV H\u00fcsten 09\u00a0III<\/strong><\/td>\n<td style=\"text-align: center;\">&#8211;<\/td>\n<td style=\"text-align: center;\">FC Sauerlandia H\u00f6vel<\/td>\n<\/tr>\n<tr>\n<td style=\"text-align: center;\">15:00 Uhr<\/td>\n<td style=\"text-align: center;\">FC BW Giersk\u00e4mpen<\/td>\n<td style=\"text-align: center;\">&#8211;<\/td>\n<td style=\"text-align: center;\"><strong>SV H\u00fcsten 09 II<\/strong><\/td>\n<\/tr>\n<tr>\n<td style=\"text-align: center;\">15:30 Uhr<\/td>\n<td style=\"text-align: center;\">FC Lennestadt<\/td>\n<td style=\"text-align: center;\">&#8211;<\/td>\n<td style=\"text-align: center;\"><strong>SV H\u00fcsten 09<\/strong><\/td>\n<\/tr>\n<tr>\n<td><\/td>\n<td><\/td>\n<td><\/td>\n<td><\/td>\n<\/tr>\n<tr>\n<td colspan=\"4\" bgcolor=\"#cccccc\"><strong>\u00a0 Montag, 11. Mai\u00a02015:<\/strong><\/td>\n<\/tr>\n<tr>\n<td style=\"text-align: center;\">18:00 Uhr<\/td>\n<td style=\"text-align: center;\"><strong>SV H\u00fcsten 09 U11<\/strong><\/td>\n<td style=\"text-align: center;\">&#8211;<\/td>\n<td style=\"text-align: center;\">JSG Stockum\/Amecke\/Endorf U11<\/td>\n<\/tr>\n<tr>\n<td style=\"text-align: center;\">19:30 Uhr<\/td>\n<td style=\"text-align: center;\">TuS Sundern U17<\/td>\n<td style=\"text-align: center;\">&#8211;<\/td>\n<td style=\"text-align: center;\"><strong>SV H\u00fcsten 09 U17<\/strong><\/td>\n<\/tr>\n<\/tbody>\n<\/table>\n","protected":false},"excerpt":{"rendered":"<p>Die Saison 2014|15 geht in die hei\u00dfe Phase. Am zweiten Mai-Wochenende steht ein umfangreiches Fu\u00dfballwochenende f\u00fcr die Mannschaften des SV H\u00fcsten 09 auf dem Programm. Alleine am Samstag, den 09. Mai, finden insgesamt sieben Spiele mit 09-Beteiligung statt. Am Sonntag, den 10. Mai, sind insbesondere die drei Seniorenmannschaften im Einsatz. W\u00e4hrend es f\u00fcr die D-Liga-Elf [&hellip;]<\/p>\n","protected":false},"author":5,"featured_media":3810,"comment_status":"closed","ping_status":"closed","sticky":false,"template":"","format":"standard","meta":[],"categories":[1,39],"tags":[],"_links":{"self":[{"href":"https:\/\/svhuesten09.de\/web\/wp-json\/wp\/v2\/posts\/6872"}],"collection":[{"href":"https:\/\/svhuesten09.de\/web\/wp-json\/wp\/v2\/posts"}],"about":[{"href":"https:\/\/svhuesten09.de\/web\/wp-json\/wp\/v2\/types\/post"}],"author":[{"embeddable":true,"href":"https:\/\/svhuesten09.de\/web\/wp-json\/wp\/v2\/users\/5"}],"replies":[{"embeddable":true,"href":"https:\/\/svhuesten09.de\/web\/wp-json\/wp\/v2\/comments?post=6872"}],"version-history":[{"count":2,"href":"https:\/\/svhuesten09.de\/web\/wp-json\/wp\/v2\/posts\/6872\/revisions"}],"predecessor-version":[{"id":6875,"href":"https:\/\/svhuesten09.de\/web\/wp-json\/wp\/v2\/posts\/6872\/revisions\/6875"}],"wp:featuredmedia":[{"embeddable":true,"href":"https:\/\/svhuesten09.de\/web\/wp-json\/wp\/v2\/media\/3810"}],"wp:attachment":[{"href":"https:\/\/svhuesten09.de\/web\/wp-json\/wp\/v2\/media?parent=6872"}],"wp:term":[{"taxonomy":"category","embeddable":true,"href":"https:\/\/svhuesten09.de\/web\/wp-json\/wp\/v2\/categories?post=6872"},{"taxonomy":"post_tag","embeddable":true,"href":"https:\/\/svhuesten09.de\/web\/wp-json\/wp\/v2\/tags?post=6872"}],"curies":[{"name":"wp","href":"https:\/\/api.w.org\/{rel}","templated":true}]}}