{"id":6972,"date":"2015-05-19T19:00:40","date_gmt":"2015-05-19T17:00:40","guid":{"rendered":"http:\/\/svhuesten09.de\/web\/?p=6972"},"modified":"2015-05-20T07:58:55","modified_gmt":"2015-05-20T05:58:55","slug":"u19-meister-der-kreisliga-a","status":"publish","type":"post","link":"https:\/\/svhuesten09.de\/web\/2015\/05\/19\/u19-meister-der-kreisliga-a\/","title":{"rendered":"U19 ist Meister und spielt um den Aufstieg"},"content":{"rendered":"<p>F\u00fcr eine tolle \u00dcberraschung sorgte am dritten Mai-Wochenende die U19 des SV H\u00fcsten 09. Die Mannschaft der Trainer Rustem Agovic und Essam K\u00f6pper \u00fcberholte am letzten Spieltag die SG Hachen\/Langscheid\/Enkhausen\/Stemel und ist somit Meister der U19-Leistungsliga. <\/p>\n<p>&#8222;Ich bin extrem beeindruckt von dieser Leistung&#8220;, sagte 09-Jugendleiter Ralf Detzner, der erg\u00e4nzte: &#8222;Bedenkt man, dass die Zielvorgabe ein Platz im oberen Mittelfeld war, ist dieser Meistertitel gleicherma\u00dfen \u00fcberraschend und sehr erfreulich. Taktikfuchs Rustem Agovic hat ganze Arbeit geleistet und mit seiner ganzen Erfahrung das Team auf Meisterkurs gef\u00fchrt. Rustem Agovic und Essam K\u00f6pper waren ein tolles Team. Es freut mich sehr, dass wir auch in der kommenden Saison auf dieses Team, verst\u00e4rkt durch Rainer Arndt, bauen d\u00fcrfen.&#8220;<\/p>\n<p>Nun freut sich die U19 des SV H\u00fcsten 09 auf die Spiele in der Aufstiegsrunde zur Bezirksliga. Beginn der Aufstiegsspiele ist am Sonntag, den 07. Juni. Die Gegner kommen aus den Kreisen Hochsauerland, Olpe, Siegen\/Wittgenstein und L\u00fcdenscheid. Der gesamte Verein dr\u00fcckt dem Team die Daumen und w\u00fcnscht viel Erfolg.<\/p>\n","protected":false},"excerpt":{"rendered":"<p>F\u00fcr eine tolle \u00dcberraschung sorgte am dritten Mai-Wochenende die U19 des SV H\u00fcsten 09. Die Mannschaft der Trainer Rustem Agovic und Essam K\u00f6pper \u00fcberholte am letzten Spieltag die SG Hachen\/Langscheid\/Enkhausen\/Stemel und ist somit Meister der U19-Leistungsliga. &#8222;Ich bin extrem beeindruckt von dieser Leistung&#8220;, sagte 09-Jugendleiter Ralf Detzner, der erg\u00e4nzte: &#8222;Bedenkt man, dass die Zielvorgabe ein [&hellip;]<\/p>\n","protected":false},"author":5,"featured_media":5895,"comment_status":"closed","ping_status":"closed","sticky":false,"template":"","format":"standard","meta":[],"categories":[1,37],"tags":[],"_links":{"self":[{"href":"https:\/\/svhuesten09.de\/web\/wp-json\/wp\/v2\/posts\/6972"}],"collection":[{"href":"https:\/\/svhuesten09.de\/web\/wp-json\/wp\/v2\/posts"}],"about":[{"href":"https:\/\/svhuesten09.de\/web\/wp-json\/wp\/v2\/types\/post"}],"author":[{"embeddable":true,"href":"https:\/\/svhuesten09.de\/web\/wp-json\/wp\/v2\/users\/5"}],"replies":[{"embeddable":true,"href":"https:\/\/svhuesten09.de\/web\/wp-json\/wp\/v2\/comments?post=6972"}],"version-history":[{"count":3,"href":"https:\/\/svhuesten09.de\/web\/wp-json\/wp\/v2\/posts\/6972\/revisions"}],"predecessor-version":[{"id":6988,"href":"https:\/\/svhuesten09.de\/web\/wp-json\/wp\/v2\/posts\/6972\/revisions\/6988"}],"wp:featuredmedia":[{"embeddable":true,"href":"https:\/\/svhuesten09.de\/web\/wp-json\/wp\/v2\/media\/5895"}],"wp:attachment":[{"href":"https:\/\/svhuesten09.de\/web\/wp-json\/wp\/v2\/media?parent=6972"}],"wp:term":[{"taxonomy":"category","embeddable":true,"href":"https:\/\/svhuesten09.de\/web\/wp-json\/wp\/v2\/categories?post=6972"},{"taxonomy":"post_tag","embeddable":true,"href":"https:\/\/svhuesten09.de\/web\/wp-json\/wp\/v2\/tags?post=6972"}],"curies":[{"name":"wp","href":"https:\/\/api.w.org\/{rel}","templated":true}]}}