{"id":7071,"date":"2015-06-03T18:00:32","date_gmt":"2015-06-03T16:00:32","guid":{"rendered":"http:\/\/svhuesten09.de\/web\/?p=7071"},"modified":"2015-06-04T14:33:17","modified_gmt":"2015-06-04T12:33:17","slug":"a-und-d-junioren-freuen-sich-auf-die-aufstiegsrunde","status":"publish","type":"post","link":"https:\/\/svhuesten09.de\/web\/2015\/06\/03\/a-und-d-junioren-freuen-sich-auf-die-aufstiegsrunde\/","title":{"rendered":"U19 und U13 bereiten sich auf Aufstiegsrunde vor"},"content":{"rendered":"<p>Nicht nur die H\u00fcstener U19 hat sich f\u00fcr die Aufstiegsrunde qualifiziert, sondern auch die U13 des SV H\u00fcsten 09 spielt um den ersehnten Aufstieg.<\/p>\n<p>Bereits am Samstag, den 06.\u00a0Juni, m\u00fcssen sich die gr\u00fcn-wei\u00dfen\u00a0U13-Junioren um 13:30 Uhr in Beckum behaupten.\u00a0Die U19-Junioren ziehen dann am Sonntag, den 07.\u00a0Juni,\u00a0um 11:00 Uhr in Wei\u00dfbach nach.\u00a0Schon jetzt bilden die 09-Fans Fahrgemeinschaften, um die Gr\u00fcn-Wei\u00dfen lautstark zu unterst\u00fctzen.<\/p>\n<p><strong>Alle\u00a0Termine der 09-Aufstiegsspiele:<\/strong><\/p>\n<p><strong>U19:<\/strong><br \/>\n07.06.2015 (11:00 Uhr) JSG Wei\u00dfbach\/Dielfen &#8211; SV H\u00fcsten 09<br \/>\n10.06.2015\u00a0(19:00 Uhr) SV H\u00fcsten 09 &#8211; SC L\u00fcdenscheid<br \/>\n17.06.2015\u00a0(19:00 Uhr) SV H\u00fcsten 09 &#8211; SSV Meschede<br \/>\n21.06.2015\u00a0(11:00 Uhr) VSV Wenden 1930 &#8211; SV H\u00fcsten 09<\/p>\n<p><strong>U13:<\/strong><br \/>\n06.06.2015\u00a0(13:30 Uhr) SpVgg Beckum &#8211; SV H\u00fcsten 09<br \/>\n09.06.2015\u00a0(18:00 Uhr) SV H\u00fcsten 09 &#8211; FSC Rheda<br \/>\n16.06.2015\u00a0(18:00 Uhr) SV H\u00fcsten 09 &#8211; TuS 06 Anr\u00f6chte<br \/>\n20.06.2015\u00a0(13:30 Uhr) TuS Germania Lohauserholz\/Daberg &#8211; SV H\u00fcsten 09<\/p>\n","protected":false},"excerpt":{"rendered":"<p>Nicht nur die H\u00fcstener U19 hat sich f\u00fcr die Aufstiegsrunde qualifiziert, sondern auch die U13 des SV H\u00fcsten 09 spielt um den ersehnten Aufstieg. Bereits am Samstag, den 06.\u00a0Juni, m\u00fcssen sich die gr\u00fcn-wei\u00dfen\u00a0U13-Junioren um 13:30 Uhr in Beckum behaupten.\u00a0Die U19-Junioren ziehen dann am Sonntag, den 07.\u00a0Juni,\u00a0um 11:00 Uhr in Wei\u00dfbach nach.\u00a0Schon jetzt bilden die 09-Fans [&hellip;]<\/p>\n","protected":false},"author":5,"featured_media":1746,"comment_status":"closed","ping_status":"closed","sticky":false,"template":"","format":"standard","meta":[],"categories":[1,43,37],"tags":[],"_links":{"self":[{"href":"https:\/\/svhuesten09.de\/web\/wp-json\/wp\/v2\/posts\/7071"}],"collection":[{"href":"https:\/\/svhuesten09.de\/web\/wp-json\/wp\/v2\/posts"}],"about":[{"href":"https:\/\/svhuesten09.de\/web\/wp-json\/wp\/v2\/types\/post"}],"author":[{"embeddable":true,"href":"https:\/\/svhuesten09.de\/web\/wp-json\/wp\/v2\/users\/5"}],"replies":[{"embeddable":true,"href":"https:\/\/svhuesten09.de\/web\/wp-json\/wp\/v2\/comments?post=7071"}],"version-history":[{"count":7,"href":"https:\/\/svhuesten09.de\/web\/wp-json\/wp\/v2\/posts\/7071\/revisions"}],"predecessor-version":[{"id":7087,"href":"https:\/\/svhuesten09.de\/web\/wp-json\/wp\/v2\/posts\/7071\/revisions\/7087"}],"wp:featuredmedia":[{"embeddable":true,"href":"https:\/\/svhuesten09.de\/web\/wp-json\/wp\/v2\/media\/1746"}],"wp:attachment":[{"href":"https:\/\/svhuesten09.de\/web\/wp-json\/wp\/v2\/media?parent=7071"}],"wp:term":[{"taxonomy":"category","embeddable":true,"href":"https:\/\/svhuesten09.de\/web\/wp-json\/wp\/v2\/categories?post=7071"},{"taxonomy":"post_tag","embeddable":true,"href":"https:\/\/svhuesten09.de\/web\/wp-json\/wp\/v2\/tags?post=7071"}],"curies":[{"name":"wp","href":"https:\/\/api.w.org\/{rel}","templated":true}]}}