{"id":7146,"date":"2015-06-19T22:00:57","date_gmt":"2015-06-19T20:00:57","guid":{"rendered":"http:\/\/svhuesten09.de\/web\/?p=7146"},"modified":"2015-06-20T13:14:51","modified_gmt":"2015-06-20T11:14:51","slug":"sv-huesten-09-iii-steigt-durch-31-sieg-in-die-c-liga-auf","status":"publish","type":"post","link":"https:\/\/svhuesten09.de\/web\/2015\/06\/19\/sv-huesten-09-iii-steigt-durch-31-sieg-in-die-c-liga-auf\/","title":{"rendered":"SV H\u00fcsten 09 III steigt durch 3:1-Sieg in die C-Liga auf"},"content":{"rendered":"<p>Der SV H\u00fcsten 09 III hat seine starke Saison 2014|15 am Freitag, den 19. Juni, mit dem Aufstieg in die Kreisliga C Arnsberg gekr\u00f6nt. Die Gr\u00fcn-Wei\u00dfen bezwangen im Relegationsspiel den SSV Allendorf II mit 3:1 (1:0), wodurch beide Teams in der Saison 2015|16 die Pl\u00e4tze tauschen. H\u00fcsten III geht zuk\u00fcnftig in der C-Liga an den Start, Allendorf II folgt dem TuS Niedereimer dagegen in die D-Liga. Die Tore f\u00fcr die H\u00fcstener erzielten Kevin Posta (10.), Daniel Feger (70.) und Niklas Wellie (81.). Konrad Schr\u00f6der gelang in der 85. Minute nur noch der Ehrentreffer.<\/p>\n<p>235 Zuschauer verfolgten das Relegationsspiel zwischen dem SSV Allendorf II und dem SV H\u00fcsten 09 III auf dem Sportplatz des SV Herdringen und sahen nach zehn Minuten schon den ersten Treffer des Spiels. Kevin Posta brachte die H\u00fcstener mit 1:0 in F\u00fchrung und sorgte daf\u00fcr, dass die zahlreichen 09-Fans allen Grund zur Freude hatten, denn mit diesem Ergebnis w\u00e4re den Gr\u00fcn-Wei\u00dfen der ersehnte Aufstieg in die Kreisliga C Arnsberg gegl\u00fcckt.<\/p>\n<p>Jedoch kam nach dem F\u00fchrungstreffer von den H\u00fcstenern nicht mehr viel, sondern Allendorf II versuchte die Spielkontrolle zu \u00fcbernehmen. Allerdings fehlte dem Tabellenf\u00fcnfzehnten der Kreisliga C Arnsberg die Durchschlagskraft in der Offensive, sodass die 09er den Vorsprung mit in die Kabine nahmen. Auch nach dem Seitenwechsel spielte die SSV-Reserve \u00fcberlegener, fand gegen die Defensive des D-Ligisten aber kein Durchkommen.<\/p>\n<p>So musste Allendorf II mit zunehmender Spieldauer mehr Risiko gehen und wurde in der siebzigsten Minute bestraft. Daniel Feger schloss einen Angriff der H\u00fcstener zum 2:0 ab. Elf Minuten sp\u00e4ter sorgte Niklas Wellie mit 3:0 schlie\u00dflich f\u00fcr die endg\u00fcltige Entscheidung (81.). Erst in der 85. Minute erzielte Konrad Schr\u00f6der f\u00fcr die Allendorfer den Anschlusstreffer, der am Ende den Abstieg in die D-Liga nicht mehr verhindern konnte.<\/p>\n<p>Damit hat der SV H\u00fcsten 09 III den ersehnten Aufstieg in die Kreisliga C Arnsberg geschafft. Die Gr\u00fcn-Wei\u00dfen verlassen damit das Kreisliga-Unterhaus des Fu\u00dfballkreises Arnsberg und feierten nach acht Jahren den ersten Aufstieg der mannschaftsinternen Geschichte. In der Saison 2007|08 war die dritte Seniorenmannschaft des SV H\u00fcsten 09 an den Start gegangen.<\/p>\n","protected":false},"excerpt":{"rendered":"<p>Der SV H\u00fcsten 09 III hat seine starke Saison 2014|15 am Freitag, den 19. Juni, mit dem Aufstieg in die Kreisliga C Arnsberg gekr\u00f6nt. Die Gr\u00fcn-Wei\u00dfen bezwangen im Relegationsspiel den SSV Allendorf II mit 3:1 (1:0), wodurch beide Teams in der Saison 2015|16 die Pl\u00e4tze tauschen. H\u00fcsten III geht zuk\u00fcnftig in der C-Liga an den [&hellip;]<\/p>\n","protected":false},"author":5,"featured_media":6067,"comment_status":"closed","ping_status":"closed","sticky":false,"template":"","format":"standard","meta":[],"categories":[34,1],"tags":[],"_links":{"self":[{"href":"https:\/\/svhuesten09.de\/web\/wp-json\/wp\/v2\/posts\/7146"}],"collection":[{"href":"https:\/\/svhuesten09.de\/web\/wp-json\/wp\/v2\/posts"}],"about":[{"href":"https:\/\/svhuesten09.de\/web\/wp-json\/wp\/v2\/types\/post"}],"author":[{"embeddable":true,"href":"https:\/\/svhuesten09.de\/web\/wp-json\/wp\/v2\/users\/5"}],"replies":[{"embeddable":true,"href":"https:\/\/svhuesten09.de\/web\/wp-json\/wp\/v2\/comments?post=7146"}],"version-history":[{"count":2,"href":"https:\/\/svhuesten09.de\/web\/wp-json\/wp\/v2\/posts\/7146\/revisions"}],"predecessor-version":[{"id":7148,"href":"https:\/\/svhuesten09.de\/web\/wp-json\/wp\/v2\/posts\/7146\/revisions\/7148"}],"wp:featuredmedia":[{"embeddable":true,"href":"https:\/\/svhuesten09.de\/web\/wp-json\/wp\/v2\/media\/6067"}],"wp:attachment":[{"href":"https:\/\/svhuesten09.de\/web\/wp-json\/wp\/v2\/media?parent=7146"}],"wp:term":[{"taxonomy":"category","embeddable":true,"href":"https:\/\/svhuesten09.de\/web\/wp-json\/wp\/v2\/categories?post=7146"},{"taxonomy":"post_tag","embeddable":true,"href":"https:\/\/svhuesten09.de\/web\/wp-json\/wp\/v2\/tags?post=7146"}],"curies":[{"name":"wp","href":"https:\/\/api.w.org\/{rel}","templated":true}]}}