{"id":7152,"date":"2015-06-21T14:00:26","date_gmt":"2015-06-21T12:00:26","guid":{"rendered":"http:\/\/svhuesten09.de\/web\/?p=7152"},"modified":"2015-06-21T14:23:13","modified_gmt":"2015-06-21T12:23:13","slug":"laurin-howe-bleibt-beim-sv-huesten-09","status":"publish","type":"post","link":"https:\/\/svhuesten09.de\/web\/2015\/06\/21\/laurin-howe-bleibt-beim-sv-huesten-09\/","title":{"rendered":"Laurin Howe bleibt beim SV H\u00fcsten 09"},"content":{"rendered":"<p>Unmittelbar nach dem gegl\u00fcckten Aufstieg der U19-Junioren des SV H\u00fcsten 09 erhielten die Gr\u00fcn-Wei\u00dfen die n\u00e4chste positive Nachricht. Torj\u00e4ger Laurin Howe bleibt dem SV H\u00fcsten 09 auch in der Saison 2015|16 erhalten und tr\u00e4gt auch in der kommenden Spielzeit das gr\u00fcn-wei\u00dfe Trikot.<\/p>\n<p>&#8222;Die letzten drei Jahre haben mir viel Spa\u00df gemacht in H\u00fcsten. Nach dem gegl\u00fcckten Aufstieg bleibe ich in H\u00fcsten. Hier f\u00fchle ich mich wohl und jetzt wollen wir uns in der U19-Bezirksliga beweisen. Es ist f\u00fcr mich gar keine Frage, dass ich jetzt in H\u00fcsten meine Zusage gebe. Mit Trainer Rustem Agovic verbindet mich eine Freundschaft und das ist super&#8220;, sagte Laurin Howe.<\/p>\n","protected":false},"excerpt":{"rendered":"<p>Unmittelbar nach dem gegl\u00fcckten Aufstieg der U19-Junioren des SV H\u00fcsten 09 erhielten die Gr\u00fcn-Wei\u00dfen die n\u00e4chste positive Nachricht. Torj\u00e4ger Laurin Howe bleibt dem SV H\u00fcsten 09 auch in der Saison 2015|16 erhalten und tr\u00e4gt auch in der kommenden Spielzeit das gr\u00fcn-wei\u00dfe Trikot. &#8222;Die letzten drei Jahre haben mir viel Spa\u00df gemacht in H\u00fcsten. Nach dem [&hellip;]<\/p>\n","protected":false},"author":5,"featured_media":7153,"comment_status":"closed","ping_status":"closed","sticky":false,"template":"","format":"standard","meta":[],"categories":[1,37],"tags":[],"_links":{"self":[{"href":"https:\/\/svhuesten09.de\/web\/wp-json\/wp\/v2\/posts\/7152"}],"collection":[{"href":"https:\/\/svhuesten09.de\/web\/wp-json\/wp\/v2\/posts"}],"about":[{"href":"https:\/\/svhuesten09.de\/web\/wp-json\/wp\/v2\/types\/post"}],"author":[{"embeddable":true,"href":"https:\/\/svhuesten09.de\/web\/wp-json\/wp\/v2\/users\/5"}],"replies":[{"embeddable":true,"href":"https:\/\/svhuesten09.de\/web\/wp-json\/wp\/v2\/comments?post=7152"}],"version-history":[{"count":2,"href":"https:\/\/svhuesten09.de\/web\/wp-json\/wp\/v2\/posts\/7152\/revisions"}],"predecessor-version":[{"id":7155,"href":"https:\/\/svhuesten09.de\/web\/wp-json\/wp\/v2\/posts\/7152\/revisions\/7155"}],"wp:featuredmedia":[{"embeddable":true,"href":"https:\/\/svhuesten09.de\/web\/wp-json\/wp\/v2\/media\/7153"}],"wp:attachment":[{"href":"https:\/\/svhuesten09.de\/web\/wp-json\/wp\/v2\/media?parent=7152"}],"wp:term":[{"taxonomy":"category","embeddable":true,"href":"https:\/\/svhuesten09.de\/web\/wp-json\/wp\/v2\/categories?post=7152"},{"taxonomy":"post_tag","embeddable":true,"href":"https:\/\/svhuesten09.de\/web\/wp-json\/wp\/v2\/tags?post=7152"}],"curies":[{"name":"wp","href":"https:\/\/api.w.org\/{rel}","templated":true}]}}