{"id":7205,"date":"2015-06-23T10:54:41","date_gmt":"2015-06-23T08:54:41","guid":{"rendered":"http:\/\/svhuesten09.de\/web\/?p=7205"},"modified":"2015-06-23T10:54:41","modified_gmt":"2015-06-23T08:54:41","slug":"ueber-die-u19-bezirksliga-in-den-seniorenfussball","status":"publish","type":"post","link":"https:\/\/svhuesten09.de\/web\/2015\/06\/23\/ueber-die-u19-bezirksliga-in-den-seniorenfussball\/","title":{"rendered":"\u00dcber die U19-Bezirksliga in den Seniorenfu\u00dfball"},"content":{"rendered":"<p>Nach dem gegl\u00fcckten Aufstieg der U19-Junioren des SV H\u00fcsten 09 bieten die Gr\u00fcn-Wei\u00dfen am Donnerstag, den 25. Juni, ein Probetraining f\u00fcr Spieler der Jahrg\u00e4nge 1997 und 1998 an. Vor den Augen der H\u00fcstener Jugendtrainer darf der Nachwuchs um 19:00 Uhr am Stadion Gro\u00dfe Wiese sein K\u00f6nnen im Umgang mit dem runden Leder unter Beweis stellen.<\/p>\n<p>&#8222;Wir wollen in der Saison 2015|16 den Br\u00fcckenschluss zwischen unseren Seniorenmannschaften und unserer U19-Bezirksligamannschaft sehr eng schn\u00fcren. Wir setzen als Verein zun\u00e4chst auf unsere eigenen Nachwuchsspieler, eher wir unseren Kader der ersten und zweiten Seniorenmannschaft mit externen Neuzug\u00e4ngen verst\u00e4rken wollen&#8220;, stellte Rainer M\u00fcller, erster Vorsitzender des SV H\u00fcsten 09, klar, dass der Verein die eigenen Nachwuchsspieler in den Seniorenfu\u00dfball integrieren m\u00f6chte.<\/p>\n<p>Aus diesem Grund m\u00f6chte der SV H\u00fcsten 09 allen Spielern der Jahrg\u00e4nge 1997 und 1998 die M\u00f6glichkeit geben, sich in einem Probetraining am Donnerstag, den 25. Juni, um 19:00 Uhr am Stadion Gro\u00dfe Wiese zu empfehlen und \u00fcber die U19-Bezirksliga den Sprung in den Seniorenfu\u00dfball zu schaffen. Rainer M\u00fcller sagte: &#8222;Gemeinsam mit der ersten Seniorenmannschaft ist die U19 unseres Vereins in der Saison 2015|16 unser Aush\u00e4ngeschild. Daher sichern wir jedem Spieler zu, dass wir uns nach Saisonende \u00fcber seine weitere fu\u00dfballerische Karriere unterhalten und uns f\u00fcr seinen weiteren Weg als Fu\u00dfballer einsetzen werden.&#8220;<\/p>\n<p>&#8222;Wer Bock auf die U19-Bezirksliga hat, ist bei uns genau richtig&#8220;, erg\u00e4nzte 09-Jugendleiter Ralf Detzner. Der SV H\u00fcsten 09 bittet alle Spieler, die am Donnerstag, den 25. Juni, um 19:00 Uhr am Stadion Gro\u00dfe Wiese am Probetraining f\u00fcr die U19-Bezirksligamannschaft der Gr\u00fcn-Wei\u00dfen teilnehmen wollen, das nachstehende Genehmigungsformular ausgef\u00fcllt und unterschrieben mitzubringen.<\/p>\n<p><a href=\"http:\/\/svhuesten09.de\/web\/wp-content\/uploads\/2015\/05\/Genehmigungsformular.pdf\" target=\"_blank\">-&gt; Genehmigungsformular<\/a><\/p>\n","protected":false},"excerpt":{"rendered":"<p>Nach dem gegl\u00fcckten Aufstieg der U19-Junioren des SV H\u00fcsten 09 bieten die Gr\u00fcn-Wei\u00dfen am Donnerstag, den 25. Juni, ein Probetraining f\u00fcr Spieler der Jahrg\u00e4nge 1997 und 1998 an. Vor den Augen der H\u00fcstener Jugendtrainer darf der Nachwuchs um 19:00 Uhr am Stadion Gro\u00dfe Wiese sein K\u00f6nnen im Umgang mit dem runden Leder unter Beweis stellen. [&hellip;]<\/p>\n","protected":false},"author":5,"featured_media":7206,"comment_status":"closed","ping_status":"closed","sticky":false,"template":"","format":"standard","meta":[],"categories":[1,37,59],"tags":[],"_links":{"self":[{"href":"https:\/\/svhuesten09.de\/web\/wp-json\/wp\/v2\/posts\/7205"}],"collection":[{"href":"https:\/\/svhuesten09.de\/web\/wp-json\/wp\/v2\/posts"}],"about":[{"href":"https:\/\/svhuesten09.de\/web\/wp-json\/wp\/v2\/types\/post"}],"author":[{"embeddable":true,"href":"https:\/\/svhuesten09.de\/web\/wp-json\/wp\/v2\/users\/5"}],"replies":[{"embeddable":true,"href":"https:\/\/svhuesten09.de\/web\/wp-json\/wp\/v2\/comments?post=7205"}],"version-history":[{"count":3,"href":"https:\/\/svhuesten09.de\/web\/wp-json\/wp\/v2\/posts\/7205\/revisions"}],"predecessor-version":[{"id":7209,"href":"https:\/\/svhuesten09.de\/web\/wp-json\/wp\/v2\/posts\/7205\/revisions\/7209"}],"wp:featuredmedia":[{"embeddable":true,"href":"https:\/\/svhuesten09.de\/web\/wp-json\/wp\/v2\/media\/7206"}],"wp:attachment":[{"href":"https:\/\/svhuesten09.de\/web\/wp-json\/wp\/v2\/media?parent=7205"}],"wp:term":[{"taxonomy":"category","embeddable":true,"href":"https:\/\/svhuesten09.de\/web\/wp-json\/wp\/v2\/categories?post=7205"},{"taxonomy":"post_tag","embeddable":true,"href":"https:\/\/svhuesten09.de\/web\/wp-json\/wp\/v2\/tags?post=7205"}],"curies":[{"name":"wp","href":"https:\/\/api.w.org\/{rel}","templated":true}]}}