{"id":7374,"date":"2015-07-20T18:42:13","date_gmt":"2015-07-20T16:42:13","guid":{"rendered":"http:\/\/svhuesten09.de\/web\/?p=7374"},"modified":"2015-07-20T18:42:13","modified_gmt":"2015-07-20T16:42:13","slug":"u19-faengt-beim-guetersloher-tv-an","status":"publish","type":"post","link":"https:\/\/svhuesten09.de\/web\/2015\/07\/20\/u19-faengt-beim-guetersloher-tv-an\/","title":{"rendered":"U19 f\u00e4ngt beim G\u00fctersloher TV an"},"content":{"rendered":"<p>Der Fu\u00dfball- und Leichtathletikverband Westfalen hat den Spielplan der U19-Bezirksliga Staffel 3 bekanntgegeben, wo in der Saison 2015|16 der \u00e4lteste Nachwuchs des SV H\u00fcsten 09 starten wird. Den Anfang machen die Gr\u00fcn-Wei\u00dfen am 23. August um 11:00 Uhr beim G\u00fctersloher TV. Danach folgen die Spiele gegen den FC Kaunitz und beim FC Ense.<\/p>\n<p>23.08.15 (11:00) G\u00fctersloher TV U19 &#8211; SV H\u00fcsten 09 U19<br \/>\n30.08.15 (11:00) SV H\u00fcsten 09 U19 \u2013 FC Kaunitz U19<br \/>\n06.09.15 (11:00) FC Ense U19 \u2013 SV H\u00fcsten 09 U19<br \/>\n13.09.15 (11:00) SV H\u00fcsten 09 U19 &#8211; SV Brilon U19<br \/>\n20.09.15 (11:00) TuS Westfalia Wethmar U19 \u2013 SV H\u00fcsten 09 U19<br \/>\n27.09.15 (11:00) SV H\u00fcsten 09 U19 &#8211; Hammer SpVgg U18<br \/>\n18.10.15 (11:00) SV H\u00fcsten 09 U19 &#8211; TuS Germania Lohauserholz-Daberg U19<br \/>\n25.10.15 (11:00) Westfalia Soest U19 &#8211; SV H\u00fcsten 09 U19<br \/>\n08.11.15 (11:00) SSV M\u00fchlhausen-Uelzen U19 \u2013 SV H\u00fcsten 09 U19<br \/>\n29.11.15 (11:00) SV H\u00fcsten 09 U19 &#8211; Holzwickeder SC U19<br \/>\n06.12.15 (11:00) Victoria Clarholz U19 \u2013 SV H\u00fcsten 09 U19<\/p>\n<p>13.12.15 (11:00) SV H\u00fcsten 09 U19 &#8211; G\u00fctersloher TV U19<br \/>\n28.02.16 (11:00) FC Kaunitz U19 \u2013 SV H\u00fcsten 09 U19<br \/>\n06.03.16 (11:00) SV H\u00fcsten 09 U19 &#8211; FC Ense U19<br \/>\n13.03.16 (11:00) SV Brilon U19 \u2013 SV H\u00fcsten 09 U19<br \/>\n10.04.16 (11:00) SV H\u00fcsten 09 U19 &#8211; TuS Westfalia Wethmar U19<br \/>\n17.04.16 (11:00) Hammer SpVgg U18 \u2013 SV H\u00fcsten 09 U19<br \/>\n24.04.16 (11:00) SV H\u00fcsten 09 U19 \u2013 Westfalia Soest U19<br \/>\n08.05.16 (11:00) TuS Germania Lohauserholz-Daberg U19 &#8211; SV H\u00fcsten 09 U19<br \/>\n22.05.16 (11:00) SV H\u00fcsten 09 U19 &#8211; SSV M\u00fchlhausen-Uelzen U19<br \/>\n29.05.16 (11:00) Holzwickeder SC U19 &#8211; SV H\u00fcsten 09 U19<br \/>\n05.06.16 (11:00) SV H\u00fcsten 09 U19 &#8211; Victoria Clarholz U19<\/p>\n","protected":false},"excerpt":{"rendered":"<p>Der Fu\u00dfball- und Leichtathletikverband Westfalen hat den Spielplan der U19-Bezirksliga Staffel 3 bekanntgegeben, wo in der Saison 2015|16 der \u00e4lteste Nachwuchs des SV H\u00fcsten 09 starten wird. Den Anfang machen die Gr\u00fcn-Wei\u00dfen am 23. August um 11:00 Uhr beim G\u00fctersloher TV. Danach folgen die Spiele gegen den FC Kaunitz und beim FC Ense. 23.08.15 (11:00) [&hellip;]<\/p>\n","protected":false},"author":5,"featured_media":1772,"comment_status":"closed","ping_status":"closed","sticky":false,"template":"","format":"standard","meta":[],"categories":[1,37],"tags":[],"_links":{"self":[{"href":"https:\/\/svhuesten09.de\/web\/wp-json\/wp\/v2\/posts\/7374"}],"collection":[{"href":"https:\/\/svhuesten09.de\/web\/wp-json\/wp\/v2\/posts"}],"about":[{"href":"https:\/\/svhuesten09.de\/web\/wp-json\/wp\/v2\/types\/post"}],"author":[{"embeddable":true,"href":"https:\/\/svhuesten09.de\/web\/wp-json\/wp\/v2\/users\/5"}],"replies":[{"embeddable":true,"href":"https:\/\/svhuesten09.de\/web\/wp-json\/wp\/v2\/comments?post=7374"}],"version-history":[{"count":1,"href":"https:\/\/svhuesten09.de\/web\/wp-json\/wp\/v2\/posts\/7374\/revisions"}],"predecessor-version":[{"id":7375,"href":"https:\/\/svhuesten09.de\/web\/wp-json\/wp\/v2\/posts\/7374\/revisions\/7375"}],"wp:featuredmedia":[{"embeddable":true,"href":"https:\/\/svhuesten09.de\/web\/wp-json\/wp\/v2\/media\/1772"}],"wp:attachment":[{"href":"https:\/\/svhuesten09.de\/web\/wp-json\/wp\/v2\/media?parent=7374"}],"wp:term":[{"taxonomy":"category","embeddable":true,"href":"https:\/\/svhuesten09.de\/web\/wp-json\/wp\/v2\/categories?post=7374"},{"taxonomy":"post_tag","embeddable":true,"href":"https:\/\/svhuesten09.de\/web\/wp-json\/wp\/v2\/tags?post=7374"}],"curies":[{"name":"wp","href":"https:\/\/api.w.org\/{rel}","templated":true}]}}