{"id":8655,"date":"2016-06-01T10:00:30","date_gmt":"2016-06-01T08:00:30","guid":{"rendered":"http:\/\/svhuesten09.de\/web\/?p=8655"},"modified":"2016-06-02T09:32:03","modified_gmt":"2016-06-02T07:32:03","slug":"trainerwechsel-beim-sv-huesten-09-iii","status":"publish","type":"post","link":"https:\/\/svhuesten09.de\/web\/2016\/06\/01\/trainerwechsel-beim-sv-huesten-09-iii\/","title":{"rendered":"Trainerwechsel beim SV H\u00fcsten 09 III"},"content":{"rendered":"<p>Einen Trainerwechsel zur Saison 2016|17 nimmt der SV H\u00fcsten 09 III vor. Markus Wiesenthal, der seit der Saison 2013|14 f\u00fcr die Gr\u00fcn-Wei\u00dfen t\u00e4tig war und die Mannschaft in der Spielzeit 2014|15 zum Aufstieg aus der D- in die C-Liga f\u00fchrte, wird sein Amt im Sommer niederlegen und von den gleichberechtigten Trainern Frank Fischer und Josef Llaves Guzmann abgel\u00f6st.<\/p>\n","protected":false},"excerpt":{"rendered":"<p>Einen Trainerwechsel zur Saison 2016|17 nimmt der SV H\u00fcsten 09 III vor. Markus Wiesenthal, der seit der Saison 2013|14 f\u00fcr die Gr\u00fcn-Wei\u00dfen t\u00e4tig war und die Mannschaft in der Spielzeit 2014|15 zum Aufstieg aus der D- in die C-Liga f\u00fchrte, wird sein Amt im Sommer niederlegen und von den gleichberechtigten Trainern Frank Fischer und Josef [&hellip;]<\/p>\n","protected":false},"author":5,"featured_media":901,"comment_status":"closed","ping_status":"closed","sticky":false,"template":"","format":"standard","meta":[],"categories":[34,1],"tags":[],"_links":{"self":[{"href":"https:\/\/svhuesten09.de\/web\/wp-json\/wp\/v2\/posts\/8655"}],"collection":[{"href":"https:\/\/svhuesten09.de\/web\/wp-json\/wp\/v2\/posts"}],"about":[{"href":"https:\/\/svhuesten09.de\/web\/wp-json\/wp\/v2\/types\/post"}],"author":[{"embeddable":true,"href":"https:\/\/svhuesten09.de\/web\/wp-json\/wp\/v2\/users\/5"}],"replies":[{"embeddable":true,"href":"https:\/\/svhuesten09.de\/web\/wp-json\/wp\/v2\/comments?post=8655"}],"version-history":[{"count":1,"href":"https:\/\/svhuesten09.de\/web\/wp-json\/wp\/v2\/posts\/8655\/revisions"}],"predecessor-version":[{"id":8656,"href":"https:\/\/svhuesten09.de\/web\/wp-json\/wp\/v2\/posts\/8655\/revisions\/8656"}],"wp:featuredmedia":[{"embeddable":true,"href":"https:\/\/svhuesten09.de\/web\/wp-json\/wp\/v2\/media\/901"}],"wp:attachment":[{"href":"https:\/\/svhuesten09.de\/web\/wp-json\/wp\/v2\/media?parent=8655"}],"wp:term":[{"taxonomy":"category","embeddable":true,"href":"https:\/\/svhuesten09.de\/web\/wp-json\/wp\/v2\/categories?post=8655"},{"taxonomy":"post_tag","embeddable":true,"href":"https:\/\/svhuesten09.de\/web\/wp-json\/wp\/v2\/tags?post=8655"}],"curies":[{"name":"wp","href":"https:\/\/api.w.org\/{rel}","templated":true}]}}