{"id":8763,"date":"2016-06-24T17:11:54","date_gmt":"2016-06-24T15:11:54","guid":{"rendered":"http:\/\/svhuesten09.de\/web\/?p=8763"},"modified":"2016-06-25T17:16:25","modified_gmt":"2016-06-25T15:16:25","slug":"tom-happe-und-robin-balder-verstaerken-huestener-u19","status":"publish","type":"post","link":"https:\/\/svhuesten09.de\/web\/2016\/06\/24\/tom-happe-und-robin-balder-verstaerken-huestener-u19\/","title":{"rendered":"Tom Happe und Robin Balder verst\u00e4rken H\u00fcstener U19"},"content":{"rendered":"<p>Der SV H\u00fcsten 09 hat noch zwei weitere Spieler f\u00fcr die U19-Bezirksligamannschaft verpflichten k\u00f6nnen. Vom SC Neheim wechseln Tom Happe und Robin Balder zu den Gr\u00fcn-Wei\u00dfen.<\/p>\n<p>&#8222;Tom Happe ist Jungjahrgang und im defensiven Mittelfeld zuhause. Robin Balder ist technisch sehr versiert und spielt am liebsten auf der Zehnerposition. Die Kaderplanung ist damit so gut wie abgeschlossen. Insgesamt haben wir einen 21-k\u00f6pfigen Kader und zudem eine gute Balance zwischen Jung- und Altjahrgang&#8220;, sagte U19-Trainer Heiko Hofmann.<\/p>\n","protected":false},"excerpt":{"rendered":"<p>Der SV H\u00fcsten 09 hat noch zwei weitere Spieler f\u00fcr die U19-Bezirksligamannschaft verpflichten k\u00f6nnen. Vom SC Neheim wechseln Tom Happe und Robin Balder zu den Gr\u00fcn-Wei\u00dfen. &#8222;Tom Happe ist Jungjahrgang und im defensiven Mittelfeld zuhause. Robin Balder ist technisch sehr versiert und spielt am liebsten auf der Zehnerposition. Die Kaderplanung ist damit so gut wie [&hellip;]<\/p>\n","protected":false},"author":5,"featured_media":8764,"comment_status":"closed","ping_status":"closed","sticky":false,"template":"","format":"standard","meta":[],"categories":[1,37],"tags":[],"_links":{"self":[{"href":"https:\/\/svhuesten09.de\/web\/wp-json\/wp\/v2\/posts\/8763"}],"collection":[{"href":"https:\/\/svhuesten09.de\/web\/wp-json\/wp\/v2\/posts"}],"about":[{"href":"https:\/\/svhuesten09.de\/web\/wp-json\/wp\/v2\/types\/post"}],"author":[{"embeddable":true,"href":"https:\/\/svhuesten09.de\/web\/wp-json\/wp\/v2\/users\/5"}],"replies":[{"embeddable":true,"href":"https:\/\/svhuesten09.de\/web\/wp-json\/wp\/v2\/comments?post=8763"}],"version-history":[{"count":1,"href":"https:\/\/svhuesten09.de\/web\/wp-json\/wp\/v2\/posts\/8763\/revisions"}],"predecessor-version":[{"id":8765,"href":"https:\/\/svhuesten09.de\/web\/wp-json\/wp\/v2\/posts\/8763\/revisions\/8765"}],"wp:featuredmedia":[{"embeddable":true,"href":"https:\/\/svhuesten09.de\/web\/wp-json\/wp\/v2\/media\/8764"}],"wp:attachment":[{"href":"https:\/\/svhuesten09.de\/web\/wp-json\/wp\/v2\/media?parent=8763"}],"wp:term":[{"taxonomy":"category","embeddable":true,"href":"https:\/\/svhuesten09.de\/web\/wp-json\/wp\/v2\/categories?post=8763"},{"taxonomy":"post_tag","embeddable":true,"href":"https:\/\/svhuesten09.de\/web\/wp-json\/wp\/v2\/tags?post=8763"}],"curies":[{"name":"wp","href":"https:\/\/api.w.org\/{rel}","templated":true}]}}