{"id":9637,"date":"2017-02-09T09:35:54","date_gmt":"2017-02-09T08:35:54","guid":{"rendered":"http:\/\/svhuesten09.de\/web\/?p=9637"},"modified":"2017-02-09T09:39:23","modified_gmt":"2017-02-09T08:39:23","slug":"westfalenpokal-u19-empfaengt-rw-luedenscheid-fb","status":"publish","type":"post","link":"https:\/\/svhuesten09.de\/web\/2017\/02\/09\/westfalenpokal-u19-empfaengt-rw-luedenscheid-fb\/","title":{"rendered":"Westfalenpokal: U19 empf\u00e4ngt RW L\u00fcdenscheid"},"content":{"rendered":"<p>Die U19-Junioren des SV H\u00fcsten 09 haben sich durch den Kreispokalsieg im Fu\u00dfballkreis Arnsberg f\u00fcr den Westfalenpokal qualifiziert. In diesem Wettbewerb steht am Sonntag, den 12. Februar, die erste Runde an.<\/p>\n<p>Die H\u00fcstener U19-Bezirksligamannschaft hat Heimrecht und erwartet den U19-Landesligisten RW L\u00fcdenscheid. Die Rot-Wei\u00dfen wurden im Fu\u00dfballkreis L\u00fcdenscheid Kreispokalsieger und belegen in der Tabelle der Landesliga Staffel 2 derzeit Platz zehn.<\/p>\n<p>Geplanter Ansto\u00df der Partie ist im Stadion Gro\u00dfe Wiese um 10:30 Uhr. &#8222;Wir diskutieren mit L\u00fcdenscheid, ob die Ansto\u00dfzeit noch angepasst wird&#8220;, sagte Ralf Detzner, Jugendleiter des SV H\u00fcsten 09. Gewinnt der SV H\u00fcsten 09 die erste Runde, spielt man in Runde zwei, die am Sonntag, den 19. Februar, ausgetragen wird, gegen den U19-Westfalenligisten SC Verl.<\/p>\n","protected":false},"excerpt":{"rendered":"<p>Die U19-Junioren des SV H\u00fcsten 09 haben sich durch den Kreispokalsieg im Fu\u00dfballkreis Arnsberg f\u00fcr den Westfalenpokal qualifiziert. In diesem Wettbewerb steht am Sonntag, den 12. Februar, die erste Runde an. Die H\u00fcstener U19-Bezirksligamannschaft hat Heimrecht und erwartet den U19-Landesligisten RW L\u00fcdenscheid. Die Rot-Wei\u00dfen wurden im Fu\u00dfballkreis L\u00fcdenscheid Kreispokalsieger und belegen in der Tabelle der [&hellip;]<\/p>\n","protected":false},"author":5,"featured_media":9260,"comment_status":"closed","ping_status":"closed","sticky":false,"template":"","format":"standard","meta":[],"categories":[1,37],"tags":[],"_links":{"self":[{"href":"https:\/\/svhuesten09.de\/web\/wp-json\/wp\/v2\/posts\/9637"}],"collection":[{"href":"https:\/\/svhuesten09.de\/web\/wp-json\/wp\/v2\/posts"}],"about":[{"href":"https:\/\/svhuesten09.de\/web\/wp-json\/wp\/v2\/types\/post"}],"author":[{"embeddable":true,"href":"https:\/\/svhuesten09.de\/web\/wp-json\/wp\/v2\/users\/5"}],"replies":[{"embeddable":true,"href":"https:\/\/svhuesten09.de\/web\/wp-json\/wp\/v2\/comments?post=9637"}],"version-history":[{"count":1,"href":"https:\/\/svhuesten09.de\/web\/wp-json\/wp\/v2\/posts\/9637\/revisions"}],"predecessor-version":[{"id":9638,"href":"https:\/\/svhuesten09.de\/web\/wp-json\/wp\/v2\/posts\/9637\/revisions\/9638"}],"wp:featuredmedia":[{"embeddable":true,"href":"https:\/\/svhuesten09.de\/web\/wp-json\/wp\/v2\/media\/9260"}],"wp:attachment":[{"href":"https:\/\/svhuesten09.de\/web\/wp-json\/wp\/v2\/media?parent=9637"}],"wp:term":[{"taxonomy":"category","embeddable":true,"href":"https:\/\/svhuesten09.de\/web\/wp-json\/wp\/v2\/categories?post=9637"},{"taxonomy":"post_tag","embeddable":true,"href":"https:\/\/svhuesten09.de\/web\/wp-json\/wp\/v2\/tags?post=9637"}],"curies":[{"name":"wp","href":"https:\/\/api.w.org\/{rel}","templated":true}]}}