{"id":9915,"date":"2017-06-01T11:41:20","date_gmt":"2017-06-01T09:41:20","guid":{"rendered":"http:\/\/svhuesten09.de\/web\/?p=9915"},"modified":"2017-06-01T11:41:20","modified_gmt":"2017-06-01T09:41:20","slug":"die-ganze-saison-war-der-wahnsinn","status":"publish","type":"post","link":"https:\/\/svhuesten09.de\/web\/2017\/06\/01\/die-ganze-saison-war-der-wahnsinn\/","title":{"rendered":"&#8222;Die ganze Saison war der Wahnsinn&#8220;"},"content":{"rendered":"<p>Auch im letzten Spiel beim Tabellenzweiten gaben sich die H\u00fcstener U17-Junioren keine Bl\u00f6\u00dfe und besiegten die JSG Oeventrop\/Freienohl mit 4:2.\u00a0In die nun folgende Aufstiegsrunde gehen die H\u00fcstener als krasser Au\u00dfenseiter. &#8222;Das waren wir in dieser Meisterschaftssaison aber auch schon&#8220;, sagten Markus Nowak, Andreas Arndt und Uwe Nettesheim.<\/p>\n<p>Bei schw\u00fclen Temperaturen kamen die Gr\u00fcn-Wei\u00dfen schwer ins Spiel, folgerichtig ging der Tabellenzweite in diesem Zeitraum auch mit 1:0 in F\u00fchrung. Nach einer Viertelstunde waren die 09er dann aber auch richtig drin im Spiel. Mit einem Doppelpack nach knapp einer halben Stunde drehte man das Ergebnis in eine 2:1-F\u00fchrung, mit der es auch in die Pause ging.<\/p>\n<p>Nach dem Seitenwechsel erh\u00f6hte die JSG Oeventrop\/Freienohl den Druck und kam zu einigen guten Torchancen, die jedoch ungenutzt blieben. Aus Kontersituationen heraus erh\u00f6hten die H\u00fcstener dagegen sogar auf 4:1. Der Treffer zum 2:4-Endstand war dann nur noch Ergebniskosmetik.<\/p>\n<p>&#8222;Die ganze Saison war der Wahnsinn&#8220;, sagte das Trainergespann Markus Nowak, Andreas Arndt und Uwe Nettesheim, dessen Mannschaft in der Saison 2016|17 g\u00e4nzlich ungeschlagen blieb, zudem die meisten Tore schoss und die wenigsten Gegentreffer kassierte.<\/p>\n<p>&#8222;Da fast das gesamte Team aus einem Jungjahrgang besteht, wollten wir in der Saison 2016|17 eigentlich lernen und wenn m\u00f6glich unter die ersten vier bis f\u00fcnf Mannschaften kommen. Die Stadtmeisterschaften damals best\u00e4tigten auch diese Einsch\u00e4tzung, gerade was Zweikampfh\u00e4rte und Athletik anbelangte ist dieses eine Jahr Altersunterschied schon eine hohe H\u00fcrde. Die Jungs haben aber sehr schnell gelernt, denn schon zu Weihnachten standen wir weit oben und jetzt zum Saisonende steht die Meisterschaft mit sieben Punkten Vorsprung&#8220;, freute sich das Trainertrio, das erg\u00e4nzte: &#8222;Ein Riesenkompliment an diese Mannschaft. Die Meisterschaft zu holen war in dieser Konstellation eine Wahnsinnsgeschichte, die man gar nicht hoch genug bewerten kann.&#8220;<\/p>\n","protected":false},"excerpt":{"rendered":"<p>Auch im letzten Spiel beim Tabellenzweiten gaben sich die H\u00fcstener U17-Junioren keine Bl\u00f6\u00dfe und besiegten die JSG Oeventrop\/Freienohl mit 4:2.\u00a0In die nun folgende Aufstiegsrunde gehen die H\u00fcstener als krasser Au\u00dfenseiter. &#8222;Das waren wir in dieser Meisterschaftssaison aber auch schon&#8220;, sagten Markus Nowak, Andreas Arndt und Uwe Nettesheim. Bei schw\u00fclen Temperaturen kamen die Gr\u00fcn-Wei\u00dfen schwer ins [&hellip;]<\/p>\n","protected":false},"author":5,"featured_media":9916,"comment_status":"closed","ping_status":"closed","sticky":false,"template":"","format":"standard","meta":[],"categories":[1,39],"tags":[],"_links":{"self":[{"href":"https:\/\/svhuesten09.de\/web\/wp-json\/wp\/v2\/posts\/9915"}],"collection":[{"href":"https:\/\/svhuesten09.de\/web\/wp-json\/wp\/v2\/posts"}],"about":[{"href":"https:\/\/svhuesten09.de\/web\/wp-json\/wp\/v2\/types\/post"}],"author":[{"embeddable":true,"href":"https:\/\/svhuesten09.de\/web\/wp-json\/wp\/v2\/users\/5"}],"replies":[{"embeddable":true,"href":"https:\/\/svhuesten09.de\/web\/wp-json\/wp\/v2\/comments?post=9915"}],"version-history":[{"count":1,"href":"https:\/\/svhuesten09.de\/web\/wp-json\/wp\/v2\/posts\/9915\/revisions"}],"predecessor-version":[{"id":9917,"href":"https:\/\/svhuesten09.de\/web\/wp-json\/wp\/v2\/posts\/9915\/revisions\/9917"}],"wp:featuredmedia":[{"embeddable":true,"href":"https:\/\/svhuesten09.de\/web\/wp-json\/wp\/v2\/media\/9916"}],"wp:attachment":[{"href":"https:\/\/svhuesten09.de\/web\/wp-json\/wp\/v2\/media?parent=9915"}],"wp:term":[{"taxonomy":"category","embeddable":true,"href":"https:\/\/svhuesten09.de\/web\/wp-json\/wp\/v2\/categories?post=9915"},{"taxonomy":"post_tag","embeddable":true,"href":"https:\/\/svhuesten09.de\/web\/wp-json\/wp\/v2\/tags?post=9915"}],"curies":[{"name":"wp","href":"https:\/\/api.w.org\/{rel}","templated":true}]}}