{"id":9921,"date":"2017-06-07T09:44:01","date_gmt":"2017-06-07T07:44:01","guid":{"rendered":"http:\/\/svhuesten09.de\/web\/?p=9921"},"modified":"2017-06-09T09:49:11","modified_gmt":"2017-06-09T07:49:11","slug":"rainer-arndt-hoert-nach-elf-jahren-beim-sv-huesten-09-auf","status":"publish","type":"post","link":"https:\/\/svhuesten09.de\/web\/2017\/06\/07\/rainer-arndt-hoert-nach-elf-jahren-beim-sv-huesten-09-auf\/","title":{"rendered":"Rainer Arndt h\u00f6rt nach elf Jahren beim SV H\u00fcsten 09 auf"},"content":{"rendered":"<p>Rainer Arndt wird am Ende der Saison 2016|17 sein Amt als Co-Trainer bei den U19-Junioren des SV H\u00fcsten 09 niederlegen.<\/p>\n<p>Der ehemalige Trainer der ersten Seniorenmannschaft des SV H\u00fcsten 09 war in den vergangenen elf Jahren durchg\u00e4ngig als Trainer im Jugendbereich des SV H\u00fcsten 09 t\u00e4tig und dabei mit seinen Teams regelm\u00e4\u00dfig erfolgreich. Zu seinen Erfolgen z\u00e4hlen neben diversen Meisterschaften auch der Aufstieg der U19 in die Bezirksliga und die dort geschafften Klassenerhalte.<\/p>\n<p>Das letzte Saisonspiel, in dem Rainer Arndt zugleich auch letztmals als Co-Trainer an der Seitenlinie steht, bestreiten die U19-Junioren des SV H\u00fcsten 09 am Sonntag, den 11. Juni, um 11:00 Uhr gegen Meister und Landesligaaufsteiger SV Brilon.<\/p>\n","protected":false},"excerpt":{"rendered":"<p>Rainer Arndt wird am Ende der Saison 2016|17 sein Amt als Co-Trainer bei den U19-Junioren des SV H\u00fcsten 09 niederlegen. Der ehemalige Trainer der ersten Seniorenmannschaft des SV H\u00fcsten 09 war in den vergangenen elf Jahren durchg\u00e4ngig als Trainer im Jugendbereich des SV H\u00fcsten 09 t\u00e4tig und dabei mit seinen Teams regelm\u00e4\u00dfig erfolgreich. Zu seinen [&hellip;]<\/p>\n","protected":false},"author":5,"featured_media":2414,"comment_status":"closed","ping_status":"closed","sticky":false,"template":"","format":"standard","meta":[],"categories":[1,37],"tags":[],"_links":{"self":[{"href":"https:\/\/svhuesten09.de\/web\/wp-json\/wp\/v2\/posts\/9921"}],"collection":[{"href":"https:\/\/svhuesten09.de\/web\/wp-json\/wp\/v2\/posts"}],"about":[{"href":"https:\/\/svhuesten09.de\/web\/wp-json\/wp\/v2\/types\/post"}],"author":[{"embeddable":true,"href":"https:\/\/svhuesten09.de\/web\/wp-json\/wp\/v2\/users\/5"}],"replies":[{"embeddable":true,"href":"https:\/\/svhuesten09.de\/web\/wp-json\/wp\/v2\/comments?post=9921"}],"version-history":[{"count":1,"href":"https:\/\/svhuesten09.de\/web\/wp-json\/wp\/v2\/posts\/9921\/revisions"}],"predecessor-version":[{"id":9922,"href":"https:\/\/svhuesten09.de\/web\/wp-json\/wp\/v2\/posts\/9921\/revisions\/9922"}],"wp:featuredmedia":[{"embeddable":true,"href":"https:\/\/svhuesten09.de\/web\/wp-json\/wp\/v2\/media\/2414"}],"wp:attachment":[{"href":"https:\/\/svhuesten09.de\/web\/wp-json\/wp\/v2\/media?parent=9921"}],"wp:term":[{"taxonomy":"category","embeddable":true,"href":"https:\/\/svhuesten09.de\/web\/wp-json\/wp\/v2\/categories?post=9921"},{"taxonomy":"post_tag","embeddable":true,"href":"https:\/\/svhuesten09.de\/web\/wp-json\/wp\/v2\/tags?post=9921"}],"curies":[{"name":"wp","href":"https:\/\/api.w.org\/{rel}","templated":true}]}}