{"id":9923,"date":"2017-06-11T14:47:39","date_gmt":"2017-06-11T12:47:39","guid":{"rendered":"http:\/\/svhuesten09.de\/web\/?p=9923"},"modified":"2017-06-11T14:47:39","modified_gmt":"2017-06-11T12:47:39","slug":"u17-und-u13-nehmen-an-aufstiegsrunde-teil","status":"publish","type":"post","link":"https:\/\/svhuesten09.de\/web\/2017\/06\/11\/u17-und-u13-nehmen-an-aufstiegsrunde-teil\/","title":{"rendered":"U17 und U13 nehmen an Aufstiegsrunde teil"},"content":{"rendered":"<p>Nicht nur die H\u00fcstener U17 hat sich f\u00fcr die Aufstiegsrunde qualifiziert, sondern auch die U13 des SV H\u00fcsten 09 spielt um den ersehnten Aufstieg.<\/p>\n<p>Bereits am Samstag, den 17. Juni, m\u00fcssen sich die gr\u00fcn-wei\u00dfen U13-Junioren um 13:30 Uhr gegen die SG Siegen\/Giersberg behaupten. Die U17-Junioren haben am ersten Spieltag dagegen spielfrei und steigen erstmals am Mittwoch, den 21. Juni, um 19:00 Uhr beim VfL Klafeld\/Geisweid ein. Schon jetzt bilden die 09-Fans Fahrgemeinschaften, um die Gr\u00fcn-Wei\u00dfen lautstark zu unterst\u00fctzen.<\/p>\n<p><strong>Alle Termine der 09-Aufstiegsspiele:<\/strong><\/p>\n<p><strong>U19:<\/strong><br \/>\n21.06.2017 (19:00 Uhr) VfL Klafeld\/Geisweid \u2013 SV H\u00fcsten 09<br \/>\n25.06.2017 (11:00 Uhr) SV H\u00fcsten 09 \u2013 FSV Werdohl<br \/>\n28.06.2017 (19:00 Uhr) SV H\u00fcsten 09 \u2013 BC Eslohe<br \/>\n02.07.2017 (11:00 Uhr) JSG R\u00fcblinghausen\/Hillmicke\/Iseringhausen\/Dahl\/Friedrichsthal \u2013 SV H\u00fcsten 09<\/p>\n<p><strong>U13:<\/strong><br \/>\n17.06.2017 (13:30 Uhr) SV H\u00fcsten 09 &#8211; SG Siegen\/Giersberg<br \/>\n20.06.2017 (18:00 Uhr) SC L\u00fcdenscheid &#8211; SV H\u00fcsten 09<br \/>\n24.06.2017 (13:30 Uhr) SC Hennen &#8211; SV H\u00fcsten 09<br \/>\n27.06.2017 (18:00 Uhr) SV H\u00fcsten 09 &#8211; TuS Ennepetal<\/p>\n","protected":false},"excerpt":{"rendered":"<p>Nicht nur die H\u00fcstener U17 hat sich f\u00fcr die Aufstiegsrunde qualifiziert, sondern auch die U13 des SV H\u00fcsten 09 spielt um den ersehnten Aufstieg. Bereits am Samstag, den 17. Juni, m\u00fcssen sich die gr\u00fcn-wei\u00dfen U13-Junioren um 13:30 Uhr gegen die SG Siegen\/Giersberg behaupten. Die U17-Junioren haben am ersten Spieltag dagegen spielfrei und steigen erstmals am [&hellip;]<\/p>\n","protected":false},"author":5,"featured_media":5665,"comment_status":"closed","ping_status":"closed","sticky":false,"template":"","format":"standard","meta":[],"categories":[1,43,39],"tags":[],"_links":{"self":[{"href":"https:\/\/svhuesten09.de\/web\/wp-json\/wp\/v2\/posts\/9923"}],"collection":[{"href":"https:\/\/svhuesten09.de\/web\/wp-json\/wp\/v2\/posts"}],"about":[{"href":"https:\/\/svhuesten09.de\/web\/wp-json\/wp\/v2\/types\/post"}],"author":[{"embeddable":true,"href":"https:\/\/svhuesten09.de\/web\/wp-json\/wp\/v2\/users\/5"}],"replies":[{"embeddable":true,"href":"https:\/\/svhuesten09.de\/web\/wp-json\/wp\/v2\/comments?post=9923"}],"version-history":[{"count":2,"href":"https:\/\/svhuesten09.de\/web\/wp-json\/wp\/v2\/posts\/9923\/revisions"}],"predecessor-version":[{"id":9925,"href":"https:\/\/svhuesten09.de\/web\/wp-json\/wp\/v2\/posts\/9923\/revisions\/9925"}],"wp:featuredmedia":[{"embeddable":true,"href":"https:\/\/svhuesten09.de\/web\/wp-json\/wp\/v2\/media\/5665"}],"wp:attachment":[{"href":"https:\/\/svhuesten09.de\/web\/wp-json\/wp\/v2\/media?parent=9923"}],"wp:term":[{"taxonomy":"category","embeddable":true,"href":"https:\/\/svhuesten09.de\/web\/wp-json\/wp\/v2\/categories?post=9923"},{"taxonomy":"post_tag","embeddable":true,"href":"https:\/\/svhuesten09.de\/web\/wp-json\/wp\/v2\/tags?post=9923"}],"curies":[{"name":"wp","href":"https:\/\/api.w.org\/{rel}","templated":true}]}}